{"id":1826,"date":"2018-02-08T09:54:39","date_gmt":"2018-02-08T08:54:39","guid":{"rendered":"http:\/\/agora.xtec.cat\/escolacampclar\/?p=1826"},"modified":"2018-02-08T09:54:39","modified_gmt":"2018-02-08T08:54:39","slug":"arribada-del-rei-carnestoltes-2","status":"publish","type":"post","link":"https:\/\/agora.xtec.cat\/escolacampclar\/general\/arribada-del-rei-carnestoltes-2\/","title":{"rendered":"Arribada del Rei Carnestoltes"},"content":{"rendered":"<p>Com cada any iniciem la setmana m\u00e9s esbojarrada amb l&#8217;arribada del Rei Carnestoltes que ens donar\u00e0 les ordres que hem de complir abans de la gran desfilada de Carnaval.<\/p>\n<p>En aquesta edici\u00f3 tots els cursos s&#8217;han trobat al gimn\u00e0s per escoltar i riure amb les hist\u00f2ries esbojarrades que ens ha explicat.<\/p>\n<p><a href=\"https:\/\/drive.google.com\/drive\/folders\/1kLE7fCzrdru0bka17bFhIOmeqdPZHIFv?usp=sharing\">Clica aqu\u00ed si vols veure imatges i v\u00eddeos de la jornada.<\/a><\/p>\n","protected":false},"excerpt":{"rendered":"<p>Com cada any iniciem la setmana m\u00e9s esbojarrada amb l&#8217;arribada del Rei Carnestoltes que ens donar\u00e0 les ordres que hem de complir abans de la gran desfilada de Carnaval.<br \/>\nEn aquesta edici\u00f3 tots els cursos s&#8217;han trobat al gimn\u00e0s per escoltar i riure amb les hist\u00f2ries&hellip;  <a href=\"https:\/\/agora.xtec.cat\/escolacampclar\/general\/arribada-del-rei-carnestoltes-2\/\" title=\"Read Arribada del Rei Carnestoltes\">Llegeix m\u00e9s\u00bb<\/a><\/p>\n","protected":false},"author":14,"featured_media":1827,"comment_status":"open","ping_status":"closed","sticky":false,"template":"","format":"standard","meta":{"_bbp_topic_count":0,"_bbp_reply_count":0,"_bbp_total_topic_count":0,"_bbp_total_reply_count":0,"_bbp_voice_count":0,"_bbp_anonymous_reply_count":0,"_bbp_topic_count_hidden":0,"_bbp_reply_count_hidden":0,"_bbp_forum_subforum_count":0,"footnotes":""},"categories":[24,25,26,59,29,1],"tags":[],"class_list":["post-1826","post","type-post","status-publish","format-standard","has-post-thumbnail","hentry","category-cicle-inicial","category-cicle-mitja","category-cicle-superior","category-infantil","category-festes","category-general"],"post_mailing_queue_ids":[],"_links":{"self":[{"href":"https:\/\/agora.xtec.cat\/escolacampclar\/wp-json\/wp\/v2\/posts\/1826","targetHints":{"allow":["GET"]}}],"collection":[{"href":"https:\/\/agora.xtec.cat\/escolacampclar\/wp-json\/wp\/v2\/posts"}],"about":[{"href":"https:\/\/agora.xtec.cat\/escolacampclar\/wp-json\/wp\/v2\/types\/post"}],"author":[{"embeddable":true,"href":"https:\/\/agora.xtec.cat\/escolacampclar\/wp-json\/wp\/v2\/users\/14"}],"replies":[{"embeddable":true,"href":"https:\/\/agora.xtec.cat\/escolacampclar\/wp-json\/wp\/v2\/comments?post=1826"}],"version-history":[{"count":1,"href":"https:\/\/agora.xtec.cat\/escolacampclar\/wp-json\/wp\/v2\/posts\/1826\/revisions"}],"predecessor-version":[{"id":1828,"href":"https:\/\/agora.xtec.cat\/escolacampclar\/wp-json\/wp\/v2\/posts\/1826\/revisions\/1828"}],"wp:featuredmedia":[{"embeddable":true,"href":"https:\/\/agora.xtec.cat\/escolacampclar\/wp-json\/wp\/v2\/media\/1827"}],"wp:attachment":[{"href":"https:\/\/agora.xtec.cat\/escolacampclar\/wp-json\/wp\/v2\/media?parent=1826"}],"wp:term":[{"taxonomy":"category","embeddable":true,"href":"https:\/\/agora.xtec.cat\/escolacampclar\/wp-json\/wp\/v2\/categories?post=1826"},{"taxonomy":"post_tag","embeddable":true,"href":"https:\/\/agora.xtec.cat\/escolacampclar\/wp-json\/wp\/v2\/tags?post=1826"}],"curies":[{"name":"wp","href":"https:\/\/api.w.org\/{rel}","templated":true}]}}