{"id":1813,"date":"2018-01-31T18:43:25","date_gmt":"2018-01-31T17:43:25","guid":{"rendered":"http:\/\/agora.xtec.cat\/escolacampclar\/?p=1813"},"modified":"2018-02-01T11:41:15","modified_gmt":"2018-02-01T10:41:15","slug":"les-families-ajuden-a-confegir-les-disfresses","status":"publish","type":"post","link":"https:\/\/agora.xtec.cat\/escolacampclar\/general\/les-families-ajuden-a-confegir-les-disfresses\/","title":{"rendered":"Les fam\u00edlies ajuden a confegir les disfresses"},"content":{"rendered":"<p>Durant aquestes setmanes pr\u00e8vies a Carnaval, les fam\u00edlies han vingut a l&#8217;escola per ajudar als seus fills a elaborar les disfresses, han estat retallant, pegant i montant una part de cada disfressa que els nens\u00a0i nenes de l&#8217;escola acabaran de confegir i decorar a l&#8217;aula.<\/p>\n<p>Ha estat un treball en equip entre els alumnes, els mestres i les fam\u00edlies. Ens encanta poder comptar amb la col.laboraci\u00f3 dels pares i mares perqu\u00e8 aix\u00ed sempre \u00e9s millor i tots formem part de la festa.<\/p>\n<p>Ja estem preparats per passar-ho d&#8217;all\u00f2 m\u00e9s b\u00e9!!<\/p>\n<p><a href=\"https:\/\/drive.google.com\/open?id=1N6_YpVG180Zqc0iJyx4Kc4pqKzBwzqGe\">Us deixem unes fotos<\/a><\/p>\n","protected":false},"excerpt":{"rendered":"<p>Durant aquestes setmanes pr\u00e8vies a Carnaval, les fam\u00edlies han vingut a l&#8217;escola per ajudar als seus fills a elaborar les disfresses, han estat retallant, pegant i montant una part de cada disfressa que els nens\u00a0i nenes de l&#8217;escola acabaran de confegir i decorar a l&#8217;aula.<br \/>\nHa&hellip;  <a href=\"https:\/\/agora.xtec.cat\/escolacampclar\/general\/les-families-ajuden-a-confegir-les-disfresses\/\" title=\"Read Les fam\u00edlies ajuden a confegir les disfresses\">Llegeix m\u00e9s\u00bb<\/a><\/p>\n","protected":false},"author":15,"featured_media":1819,"comment_status":"open","ping_status":"closed","sticky":false,"template":"","format":"standard","meta":{"_bbp_topic_count":0,"_bbp_reply_count":0,"_bbp_total_topic_count":0,"_bbp_total_reply_count":0,"_bbp_voice_count":0,"_bbp_anonymous_reply_count":0,"_bbp_topic_count_hidden":0,"_bbp_reply_count_hidden":0,"_bbp_forum_subforum_count":0,"footnotes":""},"categories":[1],"tags":[34,170,44,246],"class_list":["post-1813","post","type-post","status-publish","format-standard","has-post-thumbnail","hentry","category-general","tag-campclar","tag-carnaval","tag-escola-campclar","tag-families"],"post_mailing_queue_ids":[],"_links":{"self":[{"href":"https:\/\/agora.xtec.cat\/escolacampclar\/wp-json\/wp\/v2\/posts\/1813","targetHints":{"allow":["GET"]}}],"collection":[{"href":"https:\/\/agora.xtec.cat\/escolacampclar\/wp-json\/wp\/v2\/posts"}],"about":[{"href":"https:\/\/agora.xtec.cat\/escolacampclar\/wp-json\/wp\/v2\/types\/post"}],"author":[{"embeddable":true,"href":"https:\/\/agora.xtec.cat\/escolacampclar\/wp-json\/wp\/v2\/users\/15"}],"replies":[{"embeddable":true,"href":"https:\/\/agora.xtec.cat\/escolacampclar\/wp-json\/wp\/v2\/comments?post=1813"}],"version-history":[{"count":4,"href":"https:\/\/agora.xtec.cat\/escolacampclar\/wp-json\/wp\/v2\/posts\/1813\/revisions"}],"predecessor-version":[{"id":1820,"href":"https:\/\/agora.xtec.cat\/escolacampclar\/wp-json\/wp\/v2\/posts\/1813\/revisions\/1820"}],"wp:featuredmedia":[{"embeddable":true,"href":"https:\/\/agora.xtec.cat\/escolacampclar\/wp-json\/wp\/v2\/media\/1819"}],"wp:attachment":[{"href":"https:\/\/agora.xtec.cat\/escolacampclar\/wp-json\/wp\/v2\/media?parent=1813"}],"wp:term":[{"taxonomy":"category","embeddable":true,"href":"https:\/\/agora.xtec.cat\/escolacampclar\/wp-json\/wp\/v2\/categories?post=1813"},{"taxonomy":"post_tag","embeddable":true,"href":"https:\/\/agora.xtec.cat\/escolacampclar\/wp-json\/wp\/v2\/tags?post=1813"}],"curies":[{"name":"wp","href":"https:\/\/api.w.org\/{rel}","templated":true}]}}