{"id":1778,"date":"2017-12-20T16:25:58","date_gmt":"2017-12-20T15:25:58","guid":{"rendered":"http:\/\/agora.xtec.cat\/escolacampclar\/?p=1778"},"modified":"2017-12-20T16:25:58","modified_gmt":"2017-12-20T15:25:58","slug":"els-materials-del-gimnas","status":"publish","type":"post","link":"https:\/\/agora.xtec.cat\/escolacampclar\/general\/els-materials-del-gimnas\/","title":{"rendered":"Els materials del gimn\u00e0s"},"content":{"rendered":"<p>Gran feina dels nens i nenes de 5\u00e8 a l&#8217;\u00e0rea de castell\u00e0 en el treball de la descripci\u00f3 d&#8217;objectes. Combinant la compet\u00e8ncia digital amb el treball de les compet\u00e8ncies de l&#8217;\u00e0rea de llengua, han aconseguit escriure i explicar uns fant\u00e0stics textos per als m\u00e9s petits del centre.<\/p>\n<p>En el seg\u00fcent enlla\u00e7 veureu els resultats del seu esfor\u00e7.<\/p>\n<p><a href=\"https:\/\/drive.google.com\/drive\/folders\/18Du67rxuLZxCLMqGubYRf_pMubElyzP4?usp=sharing\">Clic aqu\u00ed<\/a><\/p>\n","protected":false},"excerpt":{"rendered":"<p>Gran feina dels nens i nenes de 5\u00e8 a l&#8217;\u00e0rea de castell\u00e0 en el treball de la descripci\u00f3 d&#8217;objectes. Combinant la compet\u00e8ncia digital amb el treball de les compet\u00e8ncies de l&#8217;\u00e0rea de llengua, han aconseguit escriure i explicar uns fant\u00e0stics textos per als m\u00e9s petits&hellip;  <a href=\"https:\/\/agora.xtec.cat\/escolacampclar\/general\/els-materials-del-gimnas\/\" title=\"Read Els materials del gimn\u00e0s\">Llegeix m\u00e9s\u00bb<\/a><\/p>\n","protected":false},"author":14,"featured_media":1780,"comment_status":"open","ping_status":"closed","sticky":false,"template":"","format":"standard","meta":{"_bbp_topic_count":0,"_bbp_reply_count":0,"_bbp_total_topic_count":0,"_bbp_total_reply_count":0,"_bbp_voice_count":0,"_bbp_anonymous_reply_count":0,"_bbp_topic_count_hidden":0,"_bbp_reply_count_hidden":0,"_bbp_forum_subforum_count":0,"footnotes":""},"categories":[26,59,1],"tags":[248,250,251,249,147],"class_list":["post-1778","post","type-post","status-publish","format-standard","has-post-thumbnail","hentry","category-cicle-superior","category-infantil","category-general","tag-codis-qr","tag-competencia-digital","tag-comunicacio-oral","tag-descripcio","tag-dispositius-mobils"],"post_mailing_queue_ids":[],"_links":{"self":[{"href":"https:\/\/agora.xtec.cat\/escolacampclar\/wp-json\/wp\/v2\/posts\/1778","targetHints":{"allow":["GET"]}}],"collection":[{"href":"https:\/\/agora.xtec.cat\/escolacampclar\/wp-json\/wp\/v2\/posts"}],"about":[{"href":"https:\/\/agora.xtec.cat\/escolacampclar\/wp-json\/wp\/v2\/types\/post"}],"author":[{"embeddable":true,"href":"https:\/\/agora.xtec.cat\/escolacampclar\/wp-json\/wp\/v2\/users\/14"}],"replies":[{"embeddable":true,"href":"https:\/\/agora.xtec.cat\/escolacampclar\/wp-json\/wp\/v2\/comments?post=1778"}],"version-history":[{"count":1,"href":"https:\/\/agora.xtec.cat\/escolacampclar\/wp-json\/wp\/v2\/posts\/1778\/revisions"}],"predecessor-version":[{"id":1782,"href":"https:\/\/agora.xtec.cat\/escolacampclar\/wp-json\/wp\/v2\/posts\/1778\/revisions\/1782"}],"wp:featuredmedia":[{"embeddable":true,"href":"https:\/\/agora.xtec.cat\/escolacampclar\/wp-json\/wp\/v2\/media\/1780"}],"wp:attachment":[{"href":"https:\/\/agora.xtec.cat\/escolacampclar\/wp-json\/wp\/v2\/media?parent=1778"}],"wp:term":[{"taxonomy":"category","embeddable":true,"href":"https:\/\/agora.xtec.cat\/escolacampclar\/wp-json\/wp\/v2\/categories?post=1778"},{"taxonomy":"post_tag","embeddable":true,"href":"https:\/\/agora.xtec.cat\/escolacampclar\/wp-json\/wp\/v2\/tags?post=1778"}],"curies":[{"name":"wp","href":"https:\/\/api.w.org\/{rel}","templated":true}]}}