{"id":1775,"date":"2017-12-19T11:43:30","date_gmt":"2017-12-19T10:43:30","guid":{"rendered":"http:\/\/agora.xtec.cat\/escolacampclar\/?p=1775"},"modified":"2017-12-19T11:43:30","modified_gmt":"2017-12-19T10:43:30","slug":"projecte-rossinyol","status":"publish","type":"post","link":"https:\/\/agora.xtec.cat\/escolacampclar\/general\/projecte-rossinyol\/","title":{"rendered":"Projecte Rossinyol"},"content":{"rendered":"<p>Aquest any participem al projecte Rossinyol en el qual les fam\u00edlies i les alumnes de sis\u00e8 van de la m\u00e0 avan\u00e7ant en el seu creixement personal.<\/p>\n<p><a href=\"https:\/\/drive.google.com\/open?id=1GBjO4uN8wVMnmdWLlJ2RYomiiPxsBiRu\">Aqu\u00ed podeu veure unes imatges.<\/a><\/p>\n","protected":false},"excerpt":{"rendered":"<p>Aquest any participem al projecte Rossinyol en el qual les fam\u00edlies i les alumnes de sis\u00e8 van de la m\u00e0 avan\u00e7ant en el seu creixement personal.<br \/>\n<a href=\"https:\/\/drive.google.com\/open?id=1GBjO4uN8wVMnmdWLlJ2RYomiiPxsBiRu\">Aqu\u00ed podeu veure unes imatges.<\/a><\/p>\n","protected":false},"author":14,"featured_media":1776,"comment_status":"open","ping_status":"closed","sticky":false,"template":"","format":"standard","meta":{"_bbp_topic_count":0,"_bbp_reply_count":0,"_bbp_total_topic_count":0,"_bbp_total_reply_count":0,"_bbp_voice_count":0,"_bbp_anonymous_reply_count":0,"_bbp_topic_count_hidden":0,"_bbp_reply_count_hidden":0,"_bbp_forum_subforum_count":0,"footnotes":""},"categories":[26,1],"tags":[247,44,246,245],"class_list":["post-1775","post","type-post","status-publish","format-standard","has-post-thumbnail","hentry","category-cicle-superior","category-general","tag-comunitat-educativa","tag-escola-campclar","tag-families","tag-projecte-rossinyol"],"post_mailing_queue_ids":[],"_links":{"self":[{"href":"https:\/\/agora.xtec.cat\/escolacampclar\/wp-json\/wp\/v2\/posts\/1775","targetHints":{"allow":["GET"]}}],"collection":[{"href":"https:\/\/agora.xtec.cat\/escolacampclar\/wp-json\/wp\/v2\/posts"}],"about":[{"href":"https:\/\/agora.xtec.cat\/escolacampclar\/wp-json\/wp\/v2\/types\/post"}],"author":[{"embeddable":true,"href":"https:\/\/agora.xtec.cat\/escolacampclar\/wp-json\/wp\/v2\/users\/14"}],"replies":[{"embeddable":true,"href":"https:\/\/agora.xtec.cat\/escolacampclar\/wp-json\/wp\/v2\/comments?post=1775"}],"version-history":[{"count":1,"href":"https:\/\/agora.xtec.cat\/escolacampclar\/wp-json\/wp\/v2\/posts\/1775\/revisions"}],"predecessor-version":[{"id":1777,"href":"https:\/\/agora.xtec.cat\/escolacampclar\/wp-json\/wp\/v2\/posts\/1775\/revisions\/1777"}],"wp:featuredmedia":[{"embeddable":true,"href":"https:\/\/agora.xtec.cat\/escolacampclar\/wp-json\/wp\/v2\/media\/1776"}],"wp:attachment":[{"href":"https:\/\/agora.xtec.cat\/escolacampclar\/wp-json\/wp\/v2\/media?parent=1775"}],"wp:term":[{"taxonomy":"category","embeddable":true,"href":"https:\/\/agora.xtec.cat\/escolacampclar\/wp-json\/wp\/v2\/categories?post=1775"},{"taxonomy":"post_tag","embeddable":true,"href":"https:\/\/agora.xtec.cat\/escolacampclar\/wp-json\/wp\/v2\/tags?post=1775"}],"curies":[{"name":"wp","href":"https:\/\/api.w.org\/{rel}","templated":true}]}}