{"id":1769,"date":"2017-12-13T11:30:17","date_gmt":"2017-12-13T10:30:17","guid":{"rendered":"http:\/\/agora.xtec.cat\/escolacampclar\/?p=1769"},"modified":"2017-12-13T11:30:17","modified_gmt":"2017-12-13T10:30:17","slug":"festival-de-nadal-3","status":"publish","type":"post","link":"https:\/\/agora.xtec.cat\/escolacampclar\/general\/festival-de-nadal-3\/","title":{"rendered":"Festival de Nadal"},"content":{"rendered":"<p>Fidels a la cita de cada Nadal l&#8217;Escola Campclar no falla i us presenta la gran obra de teatre <em>Els Pastorets del Ferrer Mag\u00ed<\/em>. Gran actuaci\u00f3 de les actrius i dels actors i gran feina de la directora Enriqueta Torres.<\/p>\n<p>La gran actuaci\u00f3 la van completar les nadales en catal\u00e0 i angl\u00e8s i la meravellosa <em>Coral de l&#8217;Escola Campclar\u00a0<\/em>dirigida per l&#8217;Amparo Sala.<\/p>\n<p>Fam\u00edlies, mestres i alumnes van gaudir de valent amb un espectacle antol\u00f2gic.<\/p>\n<p><a href=\"https:\/\/drive.google.com\/drive\/folders\/18Cuc8ylATvYfyLSsXwUZJXCg8w9DG0cL?usp=sharing\">En aquest enlla\u00e7 podeu observar imatges i v\u00eddeos de l&#8217;actuaci\u00f3.<\/a><\/p>\n","protected":false},"excerpt":{"rendered":"<p>Fidels a la cita de cada Nadal l&#8217;Escola Campclar no falla i us presenta la gran obra de teatre Els Pastorets del Ferrer Mag\u00ed. Gran actuaci\u00f3 de les actrius i dels actors i gran feina de la directora Enriqueta Torres.<br \/>\nLa gran actuaci\u00f3 la van completar&hellip;  <a href=\"https:\/\/agora.xtec.cat\/escolacampclar\/general\/festival-de-nadal-3\/\" title=\"Read Festival de Nadal\">Llegeix m\u00e9s\u00bb<\/a><\/p>\n","protected":false},"author":14,"featured_media":1771,"comment_status":"open","ping_status":"closed","sticky":false,"template":"","format":"standard","meta":{"_bbp_topic_count":0,"_bbp_reply_count":0,"_bbp_total_topic_count":0,"_bbp_total_reply_count":0,"_bbp_voice_count":0,"_bbp_anonymous_reply_count":0,"_bbp_topic_count_hidden":0,"_bbp_reply_count_hidden":0,"_bbp_forum_subforum_count":0,"footnotes":""},"categories":[29,1,31],"tags":[],"class_list":["post-1769","post","type-post","status-publish","format-standard","has-post-thumbnail","hentry","category-festes","category-general","category-musica"],"post_mailing_queue_ids":[],"_links":{"self":[{"href":"https:\/\/agora.xtec.cat\/escolacampclar\/wp-json\/wp\/v2\/posts\/1769","targetHints":{"allow":["GET"]}}],"collection":[{"href":"https:\/\/agora.xtec.cat\/escolacampclar\/wp-json\/wp\/v2\/posts"}],"about":[{"href":"https:\/\/agora.xtec.cat\/escolacampclar\/wp-json\/wp\/v2\/types\/post"}],"author":[{"embeddable":true,"href":"https:\/\/agora.xtec.cat\/escolacampclar\/wp-json\/wp\/v2\/users\/14"}],"replies":[{"embeddable":true,"href":"https:\/\/agora.xtec.cat\/escolacampclar\/wp-json\/wp\/v2\/comments?post=1769"}],"version-history":[{"count":1,"href":"https:\/\/agora.xtec.cat\/escolacampclar\/wp-json\/wp\/v2\/posts\/1769\/revisions"}],"predecessor-version":[{"id":1770,"href":"https:\/\/agora.xtec.cat\/escolacampclar\/wp-json\/wp\/v2\/posts\/1769\/revisions\/1770"}],"wp:featuredmedia":[{"embeddable":true,"href":"https:\/\/agora.xtec.cat\/escolacampclar\/wp-json\/wp\/v2\/media\/1771"}],"wp:attachment":[{"href":"https:\/\/agora.xtec.cat\/escolacampclar\/wp-json\/wp\/v2\/media?parent=1769"}],"wp:term":[{"taxonomy":"category","embeddable":true,"href":"https:\/\/agora.xtec.cat\/escolacampclar\/wp-json\/wp\/v2\/categories?post=1769"},{"taxonomy":"post_tag","embeddable":true,"href":"https:\/\/agora.xtec.cat\/escolacampclar\/wp-json\/wp\/v2\/tags?post=1769"}],"curies":[{"name":"wp","href":"https:\/\/api.w.org\/{rel}","templated":true}]}}