{"id":1760,"date":"2017-12-11T16:05:25","date_gmt":"2017-12-11T15:05:25","guid":{"rendered":"http:\/\/agora.xtec.cat\/escolacampclar\/?p=1760"},"modified":"2017-12-12T11:28:28","modified_gmt":"2017-12-12T10:28:28","slug":"ha-arribat-el-tio-a-cicle-inicial","status":"publish","type":"post","link":"https:\/\/agora.xtec.cat\/escolacampclar\/general\/ha-arribat-el-tio-a-cicle-inicial\/","title":{"rendered":"Ha arribat el Ti\u00f3 a Cicle Inicial"},"content":{"rendered":"<p>Avui ha arribat el Ti\u00f3 mentre \u00e9rem a la biblioteca.Estavem llegint i escoltant contes del Ti\u00f3 i alg\u00fa ha trucat a la porta!!!! QUI ERA???<\/p>\n<p>EL TI\u00d3\u00d3! Quina il.lusi\u00f3 que ens ha fet!Li hem donat la benvinguda i li hem fet molts petons i abra\u00e7ades!!<\/p>\n<p>Ara toca cuidar-lo i alimentar-lo b\u00e9.<\/p>\n<p><a href=\"https:\/\/drive.google.com\/folderview?id=1as4hmLChUibw5XV_UTg5wIxZSLhmMXSE\">Aqu\u00ed us deixem les fotos!<\/a><\/p>\n","protected":false},"excerpt":{"rendered":"<p>Avui ha arribat el Ti\u00f3 mentre \u00e9rem a la biblioteca.Estavem llegint i escoltant contes del Ti\u00f3 i alg\u00fa ha trucat a la porta!!!! QUI ERA???<br \/>\nEL TI\u00d3\u00d3! Quina il.lusi\u00f3 que ens ha fet!Li hem donat la benvinguda i li hem fet molts petons i abra\u00e7ades!!<br \/>\nAra toca&hellip;  <a href=\"https:\/\/agora.xtec.cat\/escolacampclar\/general\/ha-arribat-el-tio-a-cicle-inicial\/\" title=\"Read Ha arribat el Ti\u00f3 a Cicle Inicial\">Llegeix m\u00e9s\u00bb<\/a><\/p>\n","protected":false},"author":15,"featured_media":1766,"comment_status":"open","ping_status":"closed","sticky":false,"template":"","format":"standard","meta":{"_bbp_topic_count":0,"_bbp_reply_count":0,"_bbp_total_topic_count":0,"_bbp_total_reply_count":0,"_bbp_voice_count":0,"_bbp_anonymous_reply_count":0,"_bbp_topic_count_hidden":0,"_bbp_reply_count_hidden":0,"_bbp_forum_subforum_count":0,"footnotes":""},"categories":[24,29,1],"tags":[],"class_list":["post-1760","post","type-post","status-publish","format-standard","has-post-thumbnail","hentry","category-cicle-inicial","category-festes","category-general"],"post_mailing_queue_ids":[],"_links":{"self":[{"href":"https:\/\/agora.xtec.cat\/escolacampclar\/wp-json\/wp\/v2\/posts\/1760","targetHints":{"allow":["GET"]}}],"collection":[{"href":"https:\/\/agora.xtec.cat\/escolacampclar\/wp-json\/wp\/v2\/posts"}],"about":[{"href":"https:\/\/agora.xtec.cat\/escolacampclar\/wp-json\/wp\/v2\/types\/post"}],"author":[{"embeddable":true,"href":"https:\/\/agora.xtec.cat\/escolacampclar\/wp-json\/wp\/v2\/users\/15"}],"replies":[{"embeddable":true,"href":"https:\/\/agora.xtec.cat\/escolacampclar\/wp-json\/wp\/v2\/comments?post=1760"}],"version-history":[{"count":2,"href":"https:\/\/agora.xtec.cat\/escolacampclar\/wp-json\/wp\/v2\/posts\/1760\/revisions"}],"predecessor-version":[{"id":1762,"href":"https:\/\/agora.xtec.cat\/escolacampclar\/wp-json\/wp\/v2\/posts\/1760\/revisions\/1762"}],"wp:featuredmedia":[{"embeddable":true,"href":"https:\/\/agora.xtec.cat\/escolacampclar\/wp-json\/wp\/v2\/media\/1766"}],"wp:attachment":[{"href":"https:\/\/agora.xtec.cat\/escolacampclar\/wp-json\/wp\/v2\/media?parent=1760"}],"wp:term":[{"taxonomy":"category","embeddable":true,"href":"https:\/\/agora.xtec.cat\/escolacampclar\/wp-json\/wp\/v2\/categories?post=1760"},{"taxonomy":"post_tag","embeddable":true,"href":"https:\/\/agora.xtec.cat\/escolacampclar\/wp-json\/wp\/v2\/tags?post=1760"}],"curies":[{"name":"wp","href":"https:\/\/api.w.org\/{rel}","templated":true}]}}