{"id":1714,"date":"2017-11-13T12:00:09","date_gmt":"2017-11-13T11:00:09","guid":{"rendered":"http:\/\/agora.xtec.cat\/escolacampclar\/?p=1714"},"modified":"2017-12-04T18:05:21","modified_gmt":"2017-12-04T17:05:21","slug":"taller-de-dansa","status":"publish","type":"post","link":"https:\/\/agora.xtec.cat\/escolacampclar\/general\/taller-de-dansa\/","title":{"rendered":"Taller de dansa"},"content":{"rendered":"<p>A cicle superior hem comen\u00e7at a treballar els tallers. Al seg\u00fcent enlla\u00e7 podreu veure uns v\u00eddeos del taller de dansa que tant els hi agrada!<\/p>\n<p><a href=\"https:\/\/drive.google.com\/drive\/folders\/15d40N77OTr5ziQC7UK02RxcHLS3WnBn4?usp=sharing\">Clica aqu\u00ed.<\/a><\/p>\n","protected":false},"excerpt":{"rendered":"<p>A cicle superior hem comen\u00e7at a treballar els tallers. Al seg\u00fcent enlla\u00e7 podreu veure uns v\u00eddeos del taller de dansa que tant els hi agrada!<br \/>\n<a href=\"https:\/\/drive.google.com\/drive\/folders\/15d40N77OTr5ziQC7UK02RxcHLS3WnBn4?usp=sharing\">Clica aqu\u00ed.<\/a><\/p>\n","protected":false},"author":14,"featured_media":1280,"comment_status":"open","ping_status":"closed","sticky":false,"template":"","format":"standard","meta":{"_bbp_topic_count":0,"_bbp_reply_count":0,"_bbp_total_topic_count":0,"_bbp_total_reply_count":0,"_bbp_voice_count":0,"_bbp_anonymous_reply_count":0,"_bbp_topic_count_hidden":0,"_bbp_reply_count_hidden":0,"_bbp_forum_subforum_count":0,"footnotes":""},"categories":[26,1,238],"tags":[230,231],"class_list":["post-1714","post","type-post","status-publish","format-standard","has-post-thumbnail","hentry","category-cicle-superior","category-general","category-tallers","tag-dansa","tag-expressio-corporal"],"post_mailing_queue_ids":[],"_links":{"self":[{"href":"https:\/\/agora.xtec.cat\/escolacampclar\/wp-json\/wp\/v2\/posts\/1714","targetHints":{"allow":["GET"]}}],"collection":[{"href":"https:\/\/agora.xtec.cat\/escolacampclar\/wp-json\/wp\/v2\/posts"}],"about":[{"href":"https:\/\/agora.xtec.cat\/escolacampclar\/wp-json\/wp\/v2\/types\/post"}],"author":[{"embeddable":true,"href":"https:\/\/agora.xtec.cat\/escolacampclar\/wp-json\/wp\/v2\/users\/14"}],"replies":[{"embeddable":true,"href":"https:\/\/agora.xtec.cat\/escolacampclar\/wp-json\/wp\/v2\/comments?post=1714"}],"version-history":[{"count":2,"href":"https:\/\/agora.xtec.cat\/escolacampclar\/wp-json\/wp\/v2\/posts\/1714\/revisions"}],"predecessor-version":[{"id":1724,"href":"https:\/\/agora.xtec.cat\/escolacampclar\/wp-json\/wp\/v2\/posts\/1714\/revisions\/1724"}],"wp:featuredmedia":[{"embeddable":true,"href":"https:\/\/agora.xtec.cat\/escolacampclar\/wp-json\/wp\/v2\/media\/1280"}],"wp:attachment":[{"href":"https:\/\/agora.xtec.cat\/escolacampclar\/wp-json\/wp\/v2\/media?parent=1714"}],"wp:term":[{"taxonomy":"category","embeddable":true,"href":"https:\/\/agora.xtec.cat\/escolacampclar\/wp-json\/wp\/v2\/categories?post=1714"},{"taxonomy":"post_tag","embeddable":true,"href":"https:\/\/agora.xtec.cat\/escolacampclar\/wp-json\/wp\/v2\/tags?post=1714"}],"curies":[{"name":"wp","href":"https:\/\/api.w.org\/{rel}","templated":true}]}}