{"id":1712,"date":"2017-10-31T16:07:53","date_gmt":"2017-10-31T15:07:53","guid":{"rendered":"http:\/\/agora.xtec.cat\/escolacampclar\/?p=1712"},"modified":"2017-10-31T16:07:53","modified_gmt":"2017-10-31T15:07:53","slug":"halloween","status":"publish","type":"post","link":"https:\/\/agora.xtec.cat\/escolacampclar\/general\/halloween\/","title":{"rendered":"Halloween"},"content":{"rendered":"<p>En el marc de la festa de Halloween, els nens i nenes de Cicle Superior han preparat unes can\u00e7ons des de l&#8217;\u00e0rea d&#8217;angl\u00e8s. Esperem que gaudiu de l&#8217;actuaci\u00f3.<\/p>\n<p>&nbsp;<br \/>\n<iframe loading=\"lazy\" id=\"vp1DUexL\" title=\"Video Player\" width=\"432\" height=\"243\" frameborder=\"0\" src=\"https:\/\/s3.amazonaws.com\/embed.animoto.com\/play.html?w=swf\/production\/vp1&#038;e=1509462207&#038;f=DUexLvJfXZ8oLc6TvY8VvA&#038;d=0&#038;m=a&#038;r=360p&#038;volume=100&#038;start_res=360p&#038;i=m&#038;asset_domain=s3-p.animoto.com&#038;animoto_domain=animoto.com&#038;options=\" allowfullscreen><\/iframe><\/p>\n","protected":false},"excerpt":{"rendered":"<p>En el marc de la festa de Halloween, els nens i nenes de Cicle Superior han preparat unes can\u00e7ons des de l&#8217;\u00e0rea d&#8217;angl\u00e8s. Esperem que gaudiu de l&#8217;actuaci\u00f3.<br \/>\n&nbsp;<\/p>\n","protected":false},"author":14,"featured_media":0,"comment_status":"open","ping_status":"closed","sticky":false,"template":"","format":"standard","meta":{"_bbp_topic_count":0,"_bbp_reply_count":0,"_bbp_total_topic_count":0,"_bbp_total_reply_count":0,"_bbp_voice_count":0,"_bbp_anonymous_reply_count":0,"_bbp_topic_count_hidden":0,"_bbp_reply_count_hidden":0,"_bbp_forum_subforum_count":0,"footnotes":""},"categories":[26,29,1],"tags":[229,44,228],"class_list":["post-1712","post","type-post","status-publish","format-standard","hentry","category-cicle-superior","category-festes","category-general","tag-angles","tag-escola-campclar","tag-halloween"],"post_mailing_queue_ids":[],"_links":{"self":[{"href":"https:\/\/agora.xtec.cat\/escolacampclar\/wp-json\/wp\/v2\/posts\/1712","targetHints":{"allow":["GET"]}}],"collection":[{"href":"https:\/\/agora.xtec.cat\/escolacampclar\/wp-json\/wp\/v2\/posts"}],"about":[{"href":"https:\/\/agora.xtec.cat\/escolacampclar\/wp-json\/wp\/v2\/types\/post"}],"author":[{"embeddable":true,"href":"https:\/\/agora.xtec.cat\/escolacampclar\/wp-json\/wp\/v2\/users\/14"}],"replies":[{"embeddable":true,"href":"https:\/\/agora.xtec.cat\/escolacampclar\/wp-json\/wp\/v2\/comments?post=1712"}],"version-history":[{"count":1,"href":"https:\/\/agora.xtec.cat\/escolacampclar\/wp-json\/wp\/v2\/posts\/1712\/revisions"}],"predecessor-version":[{"id":1713,"href":"https:\/\/agora.xtec.cat\/escolacampclar\/wp-json\/wp\/v2\/posts\/1712\/revisions\/1713"}],"wp:attachment":[{"href":"https:\/\/agora.xtec.cat\/escolacampclar\/wp-json\/wp\/v2\/media?parent=1712"}],"wp:term":[{"taxonomy":"category","embeddable":true,"href":"https:\/\/agora.xtec.cat\/escolacampclar\/wp-json\/wp\/v2\/categories?post=1712"},{"taxonomy":"post_tag","embeddable":true,"href":"https:\/\/agora.xtec.cat\/escolacampclar\/wp-json\/wp\/v2\/tags?post=1712"}],"curies":[{"name":"wp","href":"https:\/\/api.w.org\/{rel}","templated":true}]}}