{"id":1709,"date":"2017-10-31T12:59:35","date_gmt":"2017-10-31T11:59:35","guid":{"rendered":"http:\/\/agora.xtec.cat\/escolacampclar\/?p=1709"},"modified":"2017-10-31T12:59:35","modified_gmt":"2017-10-31T11:59:35","slug":"la-castanyada-4","status":"publish","type":"post","link":"https:\/\/agora.xtec.cat\/escolacampclar\/general\/la-castanyada-4\/","title":{"rendered":"La Castanyada"},"content":{"rendered":"<p>Aquest mat\u00ed els alumnes i mestres de cicle inicial i educaci\u00f3 infantil hem celebrat la castanyada! Ens ha vingut a visitar la castanyera, que ha fet un llarg cam\u00ed des de Vilanova de Prades!<\/p>\n<p>Per fi aquest any ha tornat a fer fresqueta i hagem pogut gaudir de les castanyes torrades que han preparat des de l&#8217;AMPA.<\/p>\n<p>Clica <a href=\"https:\/\/drive.google.com\/open?id=0B3fdlNj7sBBxVEtQT1hVREpfdVE\">aqu\u00ed per veure unes fotos<\/a>.<\/p>\n","protected":false},"excerpt":{"rendered":"<p>Aquest mat\u00ed els alumnes i mestres de cicle inicial i educaci\u00f3 infantil hem celebrat la castanyada! Ens ha vingut a visitar la castanyera, que ha fet un llarg cam\u00ed des de Vilanova de Prades!<br \/>\nPer fi aquest any ha tornat a fer fresqueta i hagem pogut&hellip;  <a href=\"https:\/\/agora.xtec.cat\/escolacampclar\/general\/la-castanyada-4\/\" title=\"Read La Castanyada\">Llegeix m\u00e9s\u00bb<\/a><\/p>\n","protected":false},"author":14,"featured_media":1710,"comment_status":"open","ping_status":"closed","sticky":false,"template":"","format":"standard","meta":{"_bbp_topic_count":0,"_bbp_reply_count":0,"_bbp_total_topic_count":0,"_bbp_total_reply_count":0,"_bbp_voice_count":0,"_bbp_anonymous_reply_count":0,"_bbp_topic_count_hidden":0,"_bbp_reply_count_hidden":0,"_bbp_forum_subforum_count":0,"footnotes":""},"categories":[24,59,1],"tags":[44,133],"class_list":["post-1709","post","type-post","status-publish","format-standard","has-post-thumbnail","hentry","category-cicle-inicial","category-infantil","category-general","tag-escola-campclar","tag-la-castanyada"],"post_mailing_queue_ids":[],"_links":{"self":[{"href":"https:\/\/agora.xtec.cat\/escolacampclar\/wp-json\/wp\/v2\/posts\/1709","targetHints":{"allow":["GET"]}}],"collection":[{"href":"https:\/\/agora.xtec.cat\/escolacampclar\/wp-json\/wp\/v2\/posts"}],"about":[{"href":"https:\/\/agora.xtec.cat\/escolacampclar\/wp-json\/wp\/v2\/types\/post"}],"author":[{"embeddable":true,"href":"https:\/\/agora.xtec.cat\/escolacampclar\/wp-json\/wp\/v2\/users\/14"}],"replies":[{"embeddable":true,"href":"https:\/\/agora.xtec.cat\/escolacampclar\/wp-json\/wp\/v2\/comments?post=1709"}],"version-history":[{"count":1,"href":"https:\/\/agora.xtec.cat\/escolacampclar\/wp-json\/wp\/v2\/posts\/1709\/revisions"}],"predecessor-version":[{"id":1711,"href":"https:\/\/agora.xtec.cat\/escolacampclar\/wp-json\/wp\/v2\/posts\/1709\/revisions\/1711"}],"wp:featuredmedia":[{"embeddable":true,"href":"https:\/\/agora.xtec.cat\/escolacampclar\/wp-json\/wp\/v2\/media\/1710"}],"wp:attachment":[{"href":"https:\/\/agora.xtec.cat\/escolacampclar\/wp-json\/wp\/v2\/media?parent=1709"}],"wp:term":[{"taxonomy":"category","embeddable":true,"href":"https:\/\/agora.xtec.cat\/escolacampclar\/wp-json\/wp\/v2\/categories?post=1709"},{"taxonomy":"post_tag","embeddable":true,"href":"https:\/\/agora.xtec.cat\/escolacampclar\/wp-json\/wp\/v2\/tags?post=1709"}],"curies":[{"name":"wp","href":"https:\/\/api.w.org\/{rel}","templated":true}]}}