{"id":1698,"date":"2017-10-20T16:20:16","date_gmt":"2017-10-20T14:20:16","guid":{"rendered":"http:\/\/agora.xtec.cat\/escolacampclar\/?p=1698"},"modified":"2017-10-20T16:20:16","modified_gmt":"2017-10-20T14:20:16","slug":"la-tardor-al-passadis","status":"publish","type":"post","link":"https:\/\/agora.xtec.cat\/escolacampclar\/general\/la-tardor-al-passadis\/","title":{"rendered":"La tardor al passad\u00eds"},"content":{"rendered":"<p>Els alumnes de primer estem decorant el passad\u00eds amb elements de\u00a0la tardor com s\u00f3n els bolets, les fulles i els cargols i tamb\u00e9 amb objectes i aliments de la nostra tradici\u00f3 com s\u00f3n les paperines i les castanyes.<\/p>\n<p>Ens ha quedat molt vist\u00f3s.<\/p>\n<p><a href=\"https:\/\/drive.google.com\/open?id=0B3fdlNj7sBBxbndSWWN0YjlzOGs\">Us deixem unes fotos!<\/a><\/p>\n","protected":false},"excerpt":{"rendered":"<p>Els alumnes de primer estem decorant el passad\u00eds amb elements de\u00a0la tardor com s\u00f3n els bolets, les fulles i els cargols i tamb\u00e9 amb objectes i aliments de la nostra tradici\u00f3 com s\u00f3n les paperines i les castanyes.<br \/>\nEns ha quedat molt vist\u00f3s.<br \/>\n<a href=\"https:\/\/drive.google.com\/open?id=0B3fdlNj7sBBxbndSWWN0YjlzOGs\">Us deixem unes&hellip;  <a href=\"https:\/\/agora.xtec.cat\/escolacampclar\/general\/la-tardor-al-passadis\/\" title=\"Read La tardor al passad\u00eds\">Llegeix m\u00e9s\u00bb<\/a><\/p>\n","protected":false},"author":15,"featured_media":0,"comment_status":"open","ping_status":"closed","sticky":false,"template":"","format":"standard","meta":{"_bbp_topic_count":0,"_bbp_reply_count":0,"_bbp_total_topic_count":0,"_bbp_total_reply_count":0,"_bbp_voice_count":0,"_bbp_anonymous_reply_count":0,"_bbp_topic_count_hidden":0,"_bbp_reply_count_hidden":0,"_bbp_forum_subforum_count":0,"footnotes":""},"categories":[24,29,1],"tags":[36,44],"class_list":["post-1698","post","type-post","status-publish","format-standard","hentry","category-cicle-inicial","category-festes","category-general","tag-cicle-inicial","tag-escola-campclar"],"post_mailing_queue_ids":[],"_links":{"self":[{"href":"https:\/\/agora.xtec.cat\/escolacampclar\/wp-json\/wp\/v2\/posts\/1698","targetHints":{"allow":["GET"]}}],"collection":[{"href":"https:\/\/agora.xtec.cat\/escolacampclar\/wp-json\/wp\/v2\/posts"}],"about":[{"href":"https:\/\/agora.xtec.cat\/escolacampclar\/wp-json\/wp\/v2\/types\/post"}],"author":[{"embeddable":true,"href":"https:\/\/agora.xtec.cat\/escolacampclar\/wp-json\/wp\/v2\/users\/15"}],"replies":[{"embeddable":true,"href":"https:\/\/agora.xtec.cat\/escolacampclar\/wp-json\/wp\/v2\/comments?post=1698"}],"version-history":[{"count":1,"href":"https:\/\/agora.xtec.cat\/escolacampclar\/wp-json\/wp\/v2\/posts\/1698\/revisions"}],"predecessor-version":[{"id":1699,"href":"https:\/\/agora.xtec.cat\/escolacampclar\/wp-json\/wp\/v2\/posts\/1698\/revisions\/1699"}],"wp:attachment":[{"href":"https:\/\/agora.xtec.cat\/escolacampclar\/wp-json\/wp\/v2\/media?parent=1698"}],"wp:term":[{"taxonomy":"category","embeddable":true,"href":"https:\/\/agora.xtec.cat\/escolacampclar\/wp-json\/wp\/v2\/categories?post=1698"},{"taxonomy":"post_tag","embeddable":true,"href":"https:\/\/agora.xtec.cat\/escolacampclar\/wp-json\/wp\/v2\/tags?post=1698"}],"curies":[{"name":"wp","href":"https:\/\/api.w.org\/{rel}","templated":true}]}}