{"id":1692,"date":"2017-10-18T11:56:57","date_gmt":"2017-10-18T09:56:57","guid":{"rendered":"http:\/\/agora.xtec.cat\/escolacampclar\/?p=1692"},"modified":"2017-10-18T11:56:57","modified_gmt":"2017-10-18T09:56:57","slug":"dia-europeu-de-laturada-cardiaca","status":"publish","type":"post","link":"https:\/\/agora.xtec.cat\/escolacampclar\/general\/dia-europeu-de-laturada-cardiaca\/","title":{"rendered":"Dia europeu de l&#8217;aturada card\u00edaca"},"content":{"rendered":"<p>El dilluns dia 16 d&#8217;octubre \u00e9s el dia europeu de l&#8217;aturada card\u00edaca, a l&#8217;escola ho vam celebrar amb una jornada de demostracions al pati per part dels alumnes de cicle superior a la resta. Durant la setmana als diferents nivells s&#8217;ha treballat amb material adaptat per a totes les edats, desde fitxes fins als ninos.<\/p>\n<p>Al seg\u00fcent v\u00eddeo podeu veure com va anar la jornada!<br \/>\n<iframe loading=\"lazy\" src=\"https:\/\/www.youtube.com\/embed\/1PjcZ2FfURg\" width=\"560\" height=\"315\" frameborder=\"0\" allowfullscreen=\"allowfullscreen\"><\/iframe><\/p>\n","protected":false},"excerpt":{"rendered":"<p>El dilluns dia 16 d&#8217;octubre \u00e9s el dia europeu de l&#8217;aturada card\u00edaca, a l&#8217;escola ho vam celebrar amb una jornada de demostracions al pati per part dels alumnes de cicle superior a la resta. Durant la setmana als diferents nivells s&#8217;ha treballat amb material adaptat&hellip;  <a href=\"https:\/\/agora.xtec.cat\/escolacampclar\/general\/dia-europeu-de-laturada-cardiaca\/\" title=\"Read Dia europeu de l&#8217;aturada card\u00edaca\">Llegeix m\u00e9s\u00bb<\/a><\/p>\n","protected":false},"author":14,"featured_media":1693,"comment_status":"open","ping_status":"closed","sticky":false,"template":"","format":"standard","meta":{"_bbp_topic_count":0,"_bbp_reply_count":0,"_bbp_total_topic_count":0,"_bbp_total_reply_count":0,"_bbp_voice_count":0,"_bbp_anonymous_reply_count":0,"_bbp_topic_count_hidden":0,"_bbp_reply_count_hidden":0,"_bbp_forum_subforum_count":0,"footnotes":""},"categories":[29,1],"tags":[226,44,227],"class_list":["post-1692","post","type-post","status-publish","format-standard","has-post-thumbnail","hentry","category-festes","category-general","tag-aturada-cardiorespiratoria","tag-escola-campclar","tag-svb"],"post_mailing_queue_ids":[],"_links":{"self":[{"href":"https:\/\/agora.xtec.cat\/escolacampclar\/wp-json\/wp\/v2\/posts\/1692","targetHints":{"allow":["GET"]}}],"collection":[{"href":"https:\/\/agora.xtec.cat\/escolacampclar\/wp-json\/wp\/v2\/posts"}],"about":[{"href":"https:\/\/agora.xtec.cat\/escolacampclar\/wp-json\/wp\/v2\/types\/post"}],"author":[{"embeddable":true,"href":"https:\/\/agora.xtec.cat\/escolacampclar\/wp-json\/wp\/v2\/users\/14"}],"replies":[{"embeddable":true,"href":"https:\/\/agora.xtec.cat\/escolacampclar\/wp-json\/wp\/v2\/comments?post=1692"}],"version-history":[{"count":1,"href":"https:\/\/agora.xtec.cat\/escolacampclar\/wp-json\/wp\/v2\/posts\/1692\/revisions"}],"predecessor-version":[{"id":1694,"href":"https:\/\/agora.xtec.cat\/escolacampclar\/wp-json\/wp\/v2\/posts\/1692\/revisions\/1694"}],"wp:featuredmedia":[{"embeddable":true,"href":"https:\/\/agora.xtec.cat\/escolacampclar\/wp-json\/wp\/v2\/media\/1693"}],"wp:attachment":[{"href":"https:\/\/agora.xtec.cat\/escolacampclar\/wp-json\/wp\/v2\/media?parent=1692"}],"wp:term":[{"taxonomy":"category","embeddable":true,"href":"https:\/\/agora.xtec.cat\/escolacampclar\/wp-json\/wp\/v2\/categories?post=1692"},{"taxonomy":"post_tag","embeddable":true,"href":"https:\/\/agora.xtec.cat\/escolacampclar\/wp-json\/wp\/v2\/tags?post=1692"}],"curies":[{"name":"wp","href":"https:\/\/api.w.org\/{rel}","templated":true}]}}