{"id":1688,"date":"2017-10-04T13:29:11","date_gmt":"2017-10-04T11:29:11","guid":{"rendered":"http:\/\/agora.xtec.cat\/escolacampclar\/?p=1688"},"modified":"2017-10-04T13:32:10","modified_gmt":"2017-10-04T11:32:10","slug":"iniciacio-a-natacio","status":"publish","type":"post","link":"https:\/\/agora.xtec.cat\/escolacampclar\/general\/iniciacio-a-natacio\/","title":{"rendered":"Iniciaci\u00f3 a nataci\u00f3"},"content":{"rendered":"<p>Avui hem comen\u00e7at el curset de nataci\u00f3 amb els nens i nenes de p5. Aquesta iniciativa del patronat d&#8217;esports ens agrada molt i la esperem disfrutar durant tot el curs!<\/p>\n<p>Clica <a href=\"https:\/\/drive.google.com\/open?id=0B3fdlNj7sBBxa2ZHR25NRTVsTzQ\">aqu\u00ed <\/a>per veure un recull d&#8217;imatges.<\/p>\n","protected":false},"excerpt":{"rendered":"<p>Avui hem comen\u00e7at el curset de nataci\u00f3 amb els nens i nenes de p5. Aquesta iniciativa del patronat d&#8217;esports ens agrada molt i la esperem disfrutar durant tot el curs!<br \/>\nClica <a href=\"https:\/\/drive.google.com\/open?id=0B3fdlNj7sBBxa2ZHR25NRTVsTzQ\">aqu\u00ed <\/a>per veure un recull d&#8217;imatges.<\/p>\n","protected":false},"author":14,"featured_media":1689,"comment_status":"open","ping_status":"closed","sticky":false,"template":"","format":"standard","meta":{"_bbp_topic_count":0,"_bbp_reply_count":0,"_bbp_total_topic_count":0,"_bbp_total_reply_count":0,"_bbp_voice_count":0,"_bbp_anonymous_reply_count":0,"_bbp_topic_count_hidden":0,"_bbp_reply_count_hidden":0,"_bbp_forum_subforum_count":0,"footnotes":""},"categories":[27,59,1],"tags":[44,223,225,224,55],"class_list":["post-1688","post","type-post","status-publish","format-standard","has-post-thumbnail","hentry","category-e-fisica","category-infantil","category-general","tag-escola-campclar","tag-natacio","tag-patronat-desports","tag-piscina","tag-tarragona"],"post_mailing_queue_ids":[],"_links":{"self":[{"href":"https:\/\/agora.xtec.cat\/escolacampclar\/wp-json\/wp\/v2\/posts\/1688","targetHints":{"allow":["GET"]}}],"collection":[{"href":"https:\/\/agora.xtec.cat\/escolacampclar\/wp-json\/wp\/v2\/posts"}],"about":[{"href":"https:\/\/agora.xtec.cat\/escolacampclar\/wp-json\/wp\/v2\/types\/post"}],"author":[{"embeddable":true,"href":"https:\/\/agora.xtec.cat\/escolacampclar\/wp-json\/wp\/v2\/users\/14"}],"replies":[{"embeddable":true,"href":"https:\/\/agora.xtec.cat\/escolacampclar\/wp-json\/wp\/v2\/comments?post=1688"}],"version-history":[{"count":2,"href":"https:\/\/agora.xtec.cat\/escolacampclar\/wp-json\/wp\/v2\/posts\/1688\/revisions"}],"predecessor-version":[{"id":1691,"href":"https:\/\/agora.xtec.cat\/escolacampclar\/wp-json\/wp\/v2\/posts\/1688\/revisions\/1691"}],"wp:featuredmedia":[{"embeddable":true,"href":"https:\/\/agora.xtec.cat\/escolacampclar\/wp-json\/wp\/v2\/media\/1689"}],"wp:attachment":[{"href":"https:\/\/agora.xtec.cat\/escolacampclar\/wp-json\/wp\/v2\/media?parent=1688"}],"wp:term":[{"taxonomy":"category","embeddable":true,"href":"https:\/\/agora.xtec.cat\/escolacampclar\/wp-json\/wp\/v2\/categories?post=1688"},{"taxonomy":"post_tag","embeddable":true,"href":"https:\/\/agora.xtec.cat\/escolacampclar\/wp-json\/wp\/v2\/tags?post=1688"}],"curies":[{"name":"wp","href":"https:\/\/api.w.org\/{rel}","templated":true}]}}