{"id":1675,"date":"2017-09-18T09:14:14","date_gmt":"2017-09-18T07:14:14","guid":{"rendered":"http:\/\/agora.xtec.cat\/escolacampclar\/?p=1675"},"modified":"2017-09-18T09:16:16","modified_gmt":"2017-09-18T07:16:16","slug":"santa-tecla-a-les-escoles","status":"publish","type":"post","link":"https:\/\/agora.xtec.cat\/escolacampclar\/general\/santa-tecla-a-les-escoles\/","title":{"rendered":"Santa Tecla a les escoles"},"content":{"rendered":"<p>El divendres ens va visitar la Cucafera petita! Va passar tot el mat\u00ed fent ballar i cantar als alumnes del centre. De p3 fins a sis\u00e8 ning\u00fa es va voler perdre la seva visita! La vam felicitar ja que aquest any est\u00e0 de 15\u00e8 aniversari i aix\u00f2 s&#8217;ha de celebrar. A continuaci\u00f3 podeu veure un recull d&#8217;imatges i v\u00eddeos a ritme d&#8217;amparitos!<\/p>\n<p><a href=\"https:\/\/drive.google.com\/open?id=0B3fdlNj7sBBxQnJwS0dxbklqaHM\">Clica aqu\u00ed per veure les imatges.<\/a><\/p>\n","protected":false},"excerpt":{"rendered":"<p>El divendres ens va visitar la Cucafera petita! Va passar tot el mat\u00ed fent ballar i cantar als alumnes del centre. De p3 fins a sis\u00e8 ning\u00fa es va voler perdre la seva visita! La vam felicitar ja que aquest any est\u00e0 de 15\u00e8 aniversari&hellip;  <a href=\"https:\/\/agora.xtec.cat\/escolacampclar\/general\/santa-tecla-a-les-escoles\/\" title=\"Read Santa Tecla a les escoles\">Llegeix m\u00e9s\u00bb<\/a><\/p>\n","protected":false},"author":14,"featured_media":1676,"comment_status":"open","ping_status":"closed","sticky":false,"template":"","format":"standard","meta":{"_bbp_topic_count":0,"_bbp_reply_count":0,"_bbp_total_topic_count":0,"_bbp_total_reply_count":0,"_bbp_voice_count":0,"_bbp_anonymous_reply_count":0,"_bbp_topic_count_hidden":0,"_bbp_reply_count_hidden":0,"_bbp_forum_subforum_count":0,"footnotes":""},"categories":[24,25,26,29,1],"tags":[44,53,55,222],"class_list":["post-1675","post","type-post","status-publish","format-standard","has-post-thumbnail","hentry","category-cicle-inicial","category-cicle-mitja","category-cicle-superior","category-festes","category-general","tag-escola-campclar","tag-santa-tecla","tag-tarragona","tag-tradicions"],"post_mailing_queue_ids":[],"_links":{"self":[{"href":"https:\/\/agora.xtec.cat\/escolacampclar\/wp-json\/wp\/v2\/posts\/1675","targetHints":{"allow":["GET"]}}],"collection":[{"href":"https:\/\/agora.xtec.cat\/escolacampclar\/wp-json\/wp\/v2\/posts"}],"about":[{"href":"https:\/\/agora.xtec.cat\/escolacampclar\/wp-json\/wp\/v2\/types\/post"}],"author":[{"embeddable":true,"href":"https:\/\/agora.xtec.cat\/escolacampclar\/wp-json\/wp\/v2\/users\/14"}],"replies":[{"embeddable":true,"href":"https:\/\/agora.xtec.cat\/escolacampclar\/wp-json\/wp\/v2\/comments?post=1675"}],"version-history":[{"count":3,"href":"https:\/\/agora.xtec.cat\/escolacampclar\/wp-json\/wp\/v2\/posts\/1675\/revisions"}],"predecessor-version":[{"id":1679,"href":"https:\/\/agora.xtec.cat\/escolacampclar\/wp-json\/wp\/v2\/posts\/1675\/revisions\/1679"}],"wp:featuredmedia":[{"embeddable":true,"href":"https:\/\/agora.xtec.cat\/escolacampclar\/wp-json\/wp\/v2\/media\/1676"}],"wp:attachment":[{"href":"https:\/\/agora.xtec.cat\/escolacampclar\/wp-json\/wp\/v2\/media?parent=1675"}],"wp:term":[{"taxonomy":"category","embeddable":true,"href":"https:\/\/agora.xtec.cat\/escolacampclar\/wp-json\/wp\/v2\/categories?post=1675"},{"taxonomy":"post_tag","embeddable":true,"href":"https:\/\/agora.xtec.cat\/escolacampclar\/wp-json\/wp\/v2\/tags?post=1675"}],"curies":[{"name":"wp","href":"https:\/\/api.w.org\/{rel}","templated":true}]}}