{"id":1662,"date":"2017-07-06T10:30:20","date_gmt":"2017-07-06T08:30:20","guid":{"rendered":"http:\/\/agora.xtec.cat\/escolacampclar\/?p=1662"},"modified":"2017-07-06T10:30:20","modified_gmt":"2017-07-06T08:30:20","slug":"comiat-6e-2","status":"publish","type":"post","link":"https:\/\/agora.xtec.cat\/escolacampclar\/general\/comiat-6e-2\/","title":{"rendered":"Comiat 6\u00e8"},"content":{"rendered":"<p>Aquest article \u00e9s un homenatge a l&#8217;alumnat de 6\u00e8 que deixa l&#8217;escola i a tot el professorat implicat.<\/p>\n<p>Gaudiu de les imatges i del v\u00eddeo.<\/p>\n<p><a href=\"https:\/\/drive.google.com\/drive\/folders\/0B4n4fVJE2fdrOG9taFFrT2E4emM?usp=sharing\">IMATGES DEL COMIAT DE 6\u00c8<\/a><\/p>\n<p><a href=\"https:\/\/drive.google.com\/file\/d\/0ByCfYbegKr3jdV9xdURWUExBdzQ\/view?usp=sharing\">Clicant aqu\u00ed podr\u00e0s veure el v\u00eddeo d&#8217;homenatge.<\/a><\/p>\n","protected":false},"excerpt":{"rendered":"<p>Aquest article \u00e9s un homenatge a l&#8217;alumnat de 6\u00e8 que deixa l&#8217;escola i a tot el professorat implicat.<br \/>\nGaudiu de les imatges i del v\u00eddeo.<br \/>\n<a href=\"https:\/\/drive.google.com\/drive\/folders\/0B4n4fVJE2fdrOG9taFFrT2E4emM?usp=sharing\">IMATGES DEL COMIAT DE 6\u00c8<\/a><br \/>\n<a href=\"https:\/\/drive.google.com\/file\/d\/0ByCfYbegKr3jdV9xdURWUExBdzQ\/view?usp=sharing\">Clicant aqu\u00ed podr\u00e0s veure el v\u00eddeo d&#8217;homenatge.<\/a><\/p>\n","protected":false},"author":14,"featured_media":1663,"comment_status":"open","ping_status":"closed","sticky":false,"template":"","format":"standard","meta":{"_bbp_topic_count":0,"_bbp_reply_count":0,"_bbp_total_topic_count":0,"_bbp_total_reply_count":0,"_bbp_voice_count":0,"_bbp_anonymous_reply_count":0,"_bbp_topic_count_hidden":0,"_bbp_reply_count_hidden":0,"_bbp_forum_subforum_count":0,"footnotes":""},"categories":[26,1],"tags":[198,63,210,44,211],"class_list":["post-1662","post","type-post","status-publish","format-standard","has-post-thumbnail","hentry","category-cicle-superior","category-general","tag-6e","tag-cicle-superior","tag-comiat","tag-escola-campclar","tag-graduacio"],"post_mailing_queue_ids":[],"_links":{"self":[{"href":"https:\/\/agora.xtec.cat\/escolacampclar\/wp-json\/wp\/v2\/posts\/1662","targetHints":{"allow":["GET"]}}],"collection":[{"href":"https:\/\/agora.xtec.cat\/escolacampclar\/wp-json\/wp\/v2\/posts"}],"about":[{"href":"https:\/\/agora.xtec.cat\/escolacampclar\/wp-json\/wp\/v2\/types\/post"}],"author":[{"embeddable":true,"href":"https:\/\/agora.xtec.cat\/escolacampclar\/wp-json\/wp\/v2\/users\/14"}],"replies":[{"embeddable":true,"href":"https:\/\/agora.xtec.cat\/escolacampclar\/wp-json\/wp\/v2\/comments?post=1662"}],"version-history":[{"count":1,"href":"https:\/\/agora.xtec.cat\/escolacampclar\/wp-json\/wp\/v2\/posts\/1662\/revisions"}],"predecessor-version":[{"id":1664,"href":"https:\/\/agora.xtec.cat\/escolacampclar\/wp-json\/wp\/v2\/posts\/1662\/revisions\/1664"}],"wp:featuredmedia":[{"embeddable":true,"href":"https:\/\/agora.xtec.cat\/escolacampclar\/wp-json\/wp\/v2\/media\/1663"}],"wp:attachment":[{"href":"https:\/\/agora.xtec.cat\/escolacampclar\/wp-json\/wp\/v2\/media?parent=1662"}],"wp:term":[{"taxonomy":"category","embeddable":true,"href":"https:\/\/agora.xtec.cat\/escolacampclar\/wp-json\/wp\/v2\/categories?post=1662"},{"taxonomy":"post_tag","embeddable":true,"href":"https:\/\/agora.xtec.cat\/escolacampclar\/wp-json\/wp\/v2\/tags?post=1662"}],"curies":[{"name":"wp","href":"https:\/\/api.w.org\/{rel}","templated":true}]}}