{"id":1645,"date":"2017-06-16T12:11:43","date_gmt":"2017-06-16T10:11:43","guid":{"rendered":"http:\/\/agora.xtec.cat\/escolacampclar\/?p=1645"},"modified":"2017-06-16T12:11:43","modified_gmt":"2017-06-16T10:11:43","slug":"exposicio-artistica-velazquez","status":"publish","type":"post","link":"https:\/\/agora.xtec.cat\/escolacampclar\/general\/exposicio-artistica-velazquez\/","title":{"rendered":"Exposici\u00f3 art\u00edstica &#8220;Vel\u00e1zquez&#8221;"},"content":{"rendered":"<p>Incre\u00edble el treball dels alumnes de 5\u00e8 creant una fant\u00e0stica exposci\u00f3 relacionada amb el pintor Diego Vel\u00e1zquez.<\/p>\n<p>Els diferents cursos que han assistit han gaudit molt escoltant l&#8217;exposici\u00f3 del treball.<\/p>\n<p><a href=\"https:\/\/drive.google.com\/drive\/folders\/0B4n4fVJE2fdrYzh6OENkOExncXM?usp=sharing\">CLICA AQU\u00cd PER VEURE LES FOTOS<\/a><\/p>\n","protected":false},"excerpt":{"rendered":"<p>Incre\u00edble el treball dels alumnes de 5\u00e8 creant una fant\u00e0stica exposci\u00f3 relacionada amb el pintor Diego Vel\u00e1zquez.<br \/>\nEls diferents cursos que han assistit han gaudit molt escoltant l&#8217;exposici\u00f3 del treball.<br \/>\n<a href=\"https:\/\/drive.google.com\/drive\/folders\/0B4n4fVJE2fdrYzh6OENkOExncXM?usp=sharing\">CLICA AQU\u00cd PER VEURE LES FOTOS<\/a><\/p>\n","protected":false},"author":14,"featured_media":1646,"comment_status":"open","ping_status":"closed","sticky":false,"template":"","format":"standard","meta":{"_bbp_topic_count":0,"_bbp_reply_count":0,"_bbp_total_topic_count":0,"_bbp_total_reply_count":0,"_bbp_voice_count":0,"_bbp_anonymous_reply_count":0,"_bbp_topic_count_hidden":0,"_bbp_reply_count_hidden":0,"_bbp_forum_subforum_count":0,"footnotes":""},"categories":[26,1],"tags":[202,44,201,200],"class_list":["post-1645","post","type-post","status-publish","format-standard","has-post-thumbnail","hentry","category-cicle-superior","category-general","tag-art","tag-escola-campclar","tag-exposicio","tag-velazquez"],"post_mailing_queue_ids":[],"_links":{"self":[{"href":"https:\/\/agora.xtec.cat\/escolacampclar\/wp-json\/wp\/v2\/posts\/1645","targetHints":{"allow":["GET"]}}],"collection":[{"href":"https:\/\/agora.xtec.cat\/escolacampclar\/wp-json\/wp\/v2\/posts"}],"about":[{"href":"https:\/\/agora.xtec.cat\/escolacampclar\/wp-json\/wp\/v2\/types\/post"}],"author":[{"embeddable":true,"href":"https:\/\/agora.xtec.cat\/escolacampclar\/wp-json\/wp\/v2\/users\/14"}],"replies":[{"embeddable":true,"href":"https:\/\/agora.xtec.cat\/escolacampclar\/wp-json\/wp\/v2\/comments?post=1645"}],"version-history":[{"count":1,"href":"https:\/\/agora.xtec.cat\/escolacampclar\/wp-json\/wp\/v2\/posts\/1645\/revisions"}],"predecessor-version":[{"id":1647,"href":"https:\/\/agora.xtec.cat\/escolacampclar\/wp-json\/wp\/v2\/posts\/1645\/revisions\/1647"}],"wp:featuredmedia":[{"embeddable":true,"href":"https:\/\/agora.xtec.cat\/escolacampclar\/wp-json\/wp\/v2\/media\/1646"}],"wp:attachment":[{"href":"https:\/\/agora.xtec.cat\/escolacampclar\/wp-json\/wp\/v2\/media?parent=1645"}],"wp:term":[{"taxonomy":"category","embeddable":true,"href":"https:\/\/agora.xtec.cat\/escolacampclar\/wp-json\/wp\/v2\/categories?post=1645"},{"taxonomy":"post_tag","embeddable":true,"href":"https:\/\/agora.xtec.cat\/escolacampclar\/wp-json\/wp\/v2\/tags?post=1645"}],"curies":[{"name":"wp","href":"https:\/\/api.w.org\/{rel}","templated":true}]}}