{"id":1640,"date":"2017-05-30T11:52:18","date_gmt":"2017-05-30T09:52:18","guid":{"rendered":"http:\/\/agora.xtec.cat\/escolacampclar\/?p=1640"},"modified":"2017-05-30T11:52:18","modified_gmt":"2017-05-30T09:52:18","slug":"guardia-urbana-a-p5","status":"publish","type":"post","link":"https:\/\/agora.xtec.cat\/escolacampclar\/general\/guardia-urbana-a-p5\/","title":{"rendered":"Gu\u00e0rdia Urbana a p5"},"content":{"rendered":"<p>Aquest \u00faltim trimestre hem rebut la visita de la gu\u00e0rdia urbana de Tarragona on ens han ensenyat el seu ofici. Hem pogut veure els seus uniformes, els seus veh\u00edcles&#8230;<\/p>\n<p>Si voleu podeu accedir a les imatges de la trobada<a href=\"https:\/\/drive.google.com\/open?id=0B8t9BGk7826gV1pWMElCbW9CQnc\"> clicant aqu\u00ed.<\/a><\/p>\n","protected":false},"excerpt":{"rendered":"<p>Aquest \u00faltim trimestre hem rebut la visita de la gu\u00e0rdia urbana de Tarragona on ens han ensenyat el seu ofici. Hem pogut veure els seus uniformes, els seus veh\u00edcles&#8230;<br \/>\nSi voleu podeu accedir a les imatges de la trobada<a href=\"https:\/\/drive.google.com\/open?id=0B8t9BGk7826gV1pWMElCbW9CQnc\"> clicant aqu\u00ed.<\/a><\/p>\n","protected":false},"author":14,"featured_media":0,"comment_status":"open","ping_status":"closed","sticky":false,"template":"","format":"standard","meta":{"_bbp_topic_count":0,"_bbp_reply_count":0,"_bbp_total_topic_count":0,"_bbp_total_reply_count":0,"_bbp_voice_count":0,"_bbp_anonymous_reply_count":0,"_bbp_topic_count_hidden":0,"_bbp_reply_count_hidden":0,"_bbp_forum_subforum_count":0,"footnotes":""},"categories":[59,1],"tags":[44,197,55],"class_list":["post-1640","post","type-post","status-publish","format-standard","hentry","category-infantil","category-general","tag-escola-campclar","tag-guardia-urbana","tag-tarragona"],"post_mailing_queue_ids":[],"_links":{"self":[{"href":"https:\/\/agora.xtec.cat\/escolacampclar\/wp-json\/wp\/v2\/posts\/1640","targetHints":{"allow":["GET"]}}],"collection":[{"href":"https:\/\/agora.xtec.cat\/escolacampclar\/wp-json\/wp\/v2\/posts"}],"about":[{"href":"https:\/\/agora.xtec.cat\/escolacampclar\/wp-json\/wp\/v2\/types\/post"}],"author":[{"embeddable":true,"href":"https:\/\/agora.xtec.cat\/escolacampclar\/wp-json\/wp\/v2\/users\/14"}],"replies":[{"embeddable":true,"href":"https:\/\/agora.xtec.cat\/escolacampclar\/wp-json\/wp\/v2\/comments?post=1640"}],"version-history":[{"count":1,"href":"https:\/\/agora.xtec.cat\/escolacampclar\/wp-json\/wp\/v2\/posts\/1640\/revisions"}],"predecessor-version":[{"id":1641,"href":"https:\/\/agora.xtec.cat\/escolacampclar\/wp-json\/wp\/v2\/posts\/1640\/revisions\/1641"}],"wp:attachment":[{"href":"https:\/\/agora.xtec.cat\/escolacampclar\/wp-json\/wp\/v2\/media?parent=1640"}],"wp:term":[{"taxonomy":"category","embeddable":true,"href":"https:\/\/agora.xtec.cat\/escolacampclar\/wp-json\/wp\/v2\/categories?post=1640"},{"taxonomy":"post_tag","embeddable":true,"href":"https:\/\/agora.xtec.cat\/escolacampclar\/wp-json\/wp\/v2\/tags?post=1640"}],"curies":[{"name":"wp","href":"https:\/\/api.w.org\/{rel}","templated":true}]}}