{"id":1638,"date":"2017-05-30T11:46:54","date_gmt":"2017-05-30T09:46:54","guid":{"rendered":"http:\/\/agora.xtec.cat\/escolacampclar\/?p=1638"},"modified":"2017-05-30T11:46:54","modified_gmt":"2017-05-30T09:46:54","slug":"sortida-a-la-desembocadura-del-riu-gaia","status":"publish","type":"post","link":"https:\/\/agora.xtec.cat\/escolacampclar\/general\/sortida-a-la-desembocadura-del-riu-gaia\/","title":{"rendered":"Sortida a la desembocadura del riu Gai\u00e0"},"content":{"rendered":"<p>El divendres de la setmana passada els alumnes d&#8217;infantil de l&#8217;escola vam realitzar una visita a la desembocadura del riu Gai\u00e0. Aprofitant la sortida van disfrutar de la platja i van dinar all\u00ed. Molts dels infants era la primera vegada que veien el mar i aix\u00f2 els va agradar molt!<\/p>\n<p><a href=\"https:\/\/drive.google.com\/open?id=0B8t9BGk7826gbXEwVlJ4aUtUbnM\">Clica aqu\u00ed<\/a> per veure un recull d&#8217;imatges.<\/p>\n","protected":false},"excerpt":{"rendered":"<p>El divendres de la setmana passada els alumnes d&#8217;infantil de l&#8217;escola vam realitzar una visita a la desembocadura del riu Gai\u00e0. Aprofitant la sortida van disfrutar de la platja i van dinar all\u00ed. Molts dels infants era la primera vegada que veien el mar i&hellip;  <a href=\"https:\/\/agora.xtec.cat\/escolacampclar\/general\/sortida-a-la-desembocadura-del-riu-gaia\/\" title=\"Read Sortida a la desembocadura del riu Gai\u00e0\">Llegeix m\u00e9s\u00bb<\/a><\/p>\n","protected":false},"author":14,"featured_media":0,"comment_status":"open","ping_status":"closed","sticky":false,"template":"","format":"standard","meta":{"_bbp_topic_count":0,"_bbp_reply_count":0,"_bbp_total_topic_count":0,"_bbp_total_reply_count":0,"_bbp_voice_count":0,"_bbp_anonymous_reply_count":0,"_bbp_topic_count_hidden":0,"_bbp_reply_count_hidden":0,"_bbp_forum_subforum_count":0,"footnotes":""},"categories":[59,1],"tags":[42,44,196,68],"class_list":["post-1638","post","type-post","status-publish","format-standard","hentry","category-infantil","category-general","tag-educacio-infantil-2","tag-escola-campclar","tag-riu-gaia","tag-sortida"],"post_mailing_queue_ids":[],"_links":{"self":[{"href":"https:\/\/agora.xtec.cat\/escolacampclar\/wp-json\/wp\/v2\/posts\/1638","targetHints":{"allow":["GET"]}}],"collection":[{"href":"https:\/\/agora.xtec.cat\/escolacampclar\/wp-json\/wp\/v2\/posts"}],"about":[{"href":"https:\/\/agora.xtec.cat\/escolacampclar\/wp-json\/wp\/v2\/types\/post"}],"author":[{"embeddable":true,"href":"https:\/\/agora.xtec.cat\/escolacampclar\/wp-json\/wp\/v2\/users\/14"}],"replies":[{"embeddable":true,"href":"https:\/\/agora.xtec.cat\/escolacampclar\/wp-json\/wp\/v2\/comments?post=1638"}],"version-history":[{"count":1,"href":"https:\/\/agora.xtec.cat\/escolacampclar\/wp-json\/wp\/v2\/posts\/1638\/revisions"}],"predecessor-version":[{"id":1639,"href":"https:\/\/agora.xtec.cat\/escolacampclar\/wp-json\/wp\/v2\/posts\/1638\/revisions\/1639"}],"wp:attachment":[{"href":"https:\/\/agora.xtec.cat\/escolacampclar\/wp-json\/wp\/v2\/media?parent=1638"}],"wp:term":[{"taxonomy":"category","embeddable":true,"href":"https:\/\/agora.xtec.cat\/escolacampclar\/wp-json\/wp\/v2\/categories?post=1638"},{"taxonomy":"post_tag","embeddable":true,"href":"https:\/\/agora.xtec.cat\/escolacampclar\/wp-json\/wp\/v2\/tags?post=1638"}],"curies":[{"name":"wp","href":"https:\/\/api.w.org\/{rel}","templated":true}]}}