{"id":1636,"date":"2017-05-25T14:06:42","date_gmt":"2017-05-25T12:06:42","guid":{"rendered":"http:\/\/agora.xtec.cat\/escolacampclar\/?p=1636"},"modified":"2017-05-25T14:06:42","modified_gmt":"2017-05-25T12:06:42","slug":"teatre-3r-2","status":"publish","type":"post","link":"https:\/\/agora.xtec.cat\/escolacampclar\/general\/teatre-3r-2\/","title":{"rendered":"TEATRE 3r"},"content":{"rendered":"<p>La setmana passada, els nens i nenes de 3rB vam anar al Centre C\u00edvic de Sant Pere i Sant Pau, per representar l&#8217;obra de teatre que hem practicat amb el Joan. Ens va sortir d&#8217;all\u00f2 m\u00e9s b\u00e9! <a href=\"https:\/\/drive.google.com\/open?id=0B4n4fVJE2fdrQ2N6YWdORV9Ia28\">Aqu\u00ed<\/a> podeu veure el v\u00eddeo on nosaltres sortim representant-lo!<\/p>\n","protected":false},"excerpt":{"rendered":"<p>La setmana passada, els nens i nenes de 3rB vam anar al Centre C\u00edvic de Sant Pere i Sant Pau, per representar l&#8217;obra de teatre que hem practicat amb el Joan. Ens va sortir d&#8217;all\u00f2 m\u00e9s b\u00e9! <a href=\"https:\/\/drive.google.com\/open?id=0B4n4fVJE2fdrQ2N6YWdORV9Ia28\">Aqu\u00ed<\/a> podeu veure el v\u00eddeo on nosaltres&hellip;  <a href=\"https:\/\/agora.xtec.cat\/escolacampclar\/general\/teatre-3r-2\/\" title=\"Read TEATRE 3r\">Llegeix m\u00e9s\u00bb<\/a><\/p>\n","protected":false},"author":14,"featured_media":0,"comment_status":"open","ping_status":"open","sticky":false,"template":"","format":"standard","meta":{"_bbp_topic_count":0,"_bbp_reply_count":0,"_bbp_total_topic_count":0,"_bbp_total_reply_count":0,"_bbp_voice_count":0,"_bbp_anonymous_reply_count":0,"_bbp_topic_count_hidden":0,"_bbp_reply_count_hidden":0,"_bbp_forum_subforum_count":0,"footnotes":""},"categories":[25,1],"tags":[100,37,44,68,99],"class_list":["post-1636","post","type-post","status-publish","format-standard","hentry","category-cicle-mitja","category-general","tag-3r","tag-cicle-mitja-2","tag-escola-campclar","tag-sortida","tag-teatre"],"post_mailing_queue_ids":[],"_links":{"self":[{"href":"https:\/\/agora.xtec.cat\/escolacampclar\/wp-json\/wp\/v2\/posts\/1636","targetHints":{"allow":["GET"]}}],"collection":[{"href":"https:\/\/agora.xtec.cat\/escolacampclar\/wp-json\/wp\/v2\/posts"}],"about":[{"href":"https:\/\/agora.xtec.cat\/escolacampclar\/wp-json\/wp\/v2\/types\/post"}],"author":[{"embeddable":true,"href":"https:\/\/agora.xtec.cat\/escolacampclar\/wp-json\/wp\/v2\/users\/14"}],"replies":[{"embeddable":true,"href":"https:\/\/agora.xtec.cat\/escolacampclar\/wp-json\/wp\/v2\/comments?post=1636"}],"version-history":[{"count":1,"href":"https:\/\/agora.xtec.cat\/escolacampclar\/wp-json\/wp\/v2\/posts\/1636\/revisions"}],"predecessor-version":[{"id":1637,"href":"https:\/\/agora.xtec.cat\/escolacampclar\/wp-json\/wp\/v2\/posts\/1636\/revisions\/1637"}],"wp:attachment":[{"href":"https:\/\/agora.xtec.cat\/escolacampclar\/wp-json\/wp\/v2\/media?parent=1636"}],"wp:term":[{"taxonomy":"category","embeddable":true,"href":"https:\/\/agora.xtec.cat\/escolacampclar\/wp-json\/wp\/v2\/categories?post=1636"},{"taxonomy":"post_tag","embeddable":true,"href":"https:\/\/agora.xtec.cat\/escolacampclar\/wp-json\/wp\/v2\/tags?post=1636"}],"curies":[{"name":"wp","href":"https:\/\/api.w.org\/{rel}","templated":true}]}}