{"id":1633,"date":"2017-05-23T14:59:45","date_gmt":"2017-05-23T12:59:45","guid":{"rendered":"http:\/\/agora.xtec.cat\/escolacampclar\/?p=1633"},"modified":"2017-05-23T17:04:05","modified_gmt":"2017-05-23T15:04:05","slug":"fic-escriure-des-de-les-arees","status":"publish","type":"post","link":"https:\/\/agora.xtec.cat\/escolacampclar\/general\/fic-escriure-des-de-les-arees\/","title":{"rendered":"FIC &#8220;Escriure des de les \u00e0rees&#8221;"},"content":{"rendered":"<p>En la seg\u00fcent taula podeu veure les pr\u00e0ctiques que ha elaborat l&#8217;equip docent referents a la FIC <em>Escriure des de les \u00e0rees.<\/em><\/p>\n<p>Gran tasca la dels tots els professionals implicats.<\/p>\n<p><iframe loading=\"lazy\" src=\"https:\/\/docs.google.com\/document\/d\/18Gsvbgy8M4NEUuvlrflZHppR7MhQaS5Focrbsp39zhs\/pub?embedded=true\" width=\"700\" height=\"350\"><\/iframe><\/p>\n","protected":false},"excerpt":{"rendered":"<p>En la seg\u00fcent taula podeu veure les pr\u00e0ctiques que ha elaborat l&#8217;equip docent referents a la FIC Escriure des de les \u00e0rees.<br \/>\nGran tasca la dels tots els professionals implicats.<\/p>\n","protected":false},"author":14,"featured_media":0,"comment_status":"open","ping_status":"open","sticky":false,"template":"","format":"standard","meta":{"_bbp_topic_count":0,"_bbp_reply_count":0,"_bbp_total_topic_count":0,"_bbp_total_reply_count":0,"_bbp_voice_count":0,"_bbp_anonymous_reply_count":0,"_bbp_topic_count_hidden":0,"_bbp_reply_count_hidden":0,"_bbp_forum_subforum_count":0,"footnotes":""},"categories":[24,25,26,59,1],"tags":[195,194,193],"class_list":["post-1633","post","type-post","status-publish","format-standard","hentry","category-cicle-inicial","category-cicle-mitja","category-cicle-superior","category-infantil","category-general","tag-competencies-basiques","tag-expressio-escrita","tag-fic"],"post_mailing_queue_ids":[],"_links":{"self":[{"href":"https:\/\/agora.xtec.cat\/escolacampclar\/wp-json\/wp\/v2\/posts\/1633","targetHints":{"allow":["GET"]}}],"collection":[{"href":"https:\/\/agora.xtec.cat\/escolacampclar\/wp-json\/wp\/v2\/posts"}],"about":[{"href":"https:\/\/agora.xtec.cat\/escolacampclar\/wp-json\/wp\/v2\/types\/post"}],"author":[{"embeddable":true,"href":"https:\/\/agora.xtec.cat\/escolacampclar\/wp-json\/wp\/v2\/users\/14"}],"replies":[{"embeddable":true,"href":"https:\/\/agora.xtec.cat\/escolacampclar\/wp-json\/wp\/v2\/comments?post=1633"}],"version-history":[{"count":2,"href":"https:\/\/agora.xtec.cat\/escolacampclar\/wp-json\/wp\/v2\/posts\/1633\/revisions"}],"predecessor-version":[{"id":1635,"href":"https:\/\/agora.xtec.cat\/escolacampclar\/wp-json\/wp\/v2\/posts\/1633\/revisions\/1635"}],"wp:attachment":[{"href":"https:\/\/agora.xtec.cat\/escolacampclar\/wp-json\/wp\/v2\/media?parent=1633"}],"wp:term":[{"taxonomy":"category","embeddable":true,"href":"https:\/\/agora.xtec.cat\/escolacampclar\/wp-json\/wp\/v2\/categories?post=1633"},{"taxonomy":"post_tag","embeddable":true,"href":"https:\/\/agora.xtec.cat\/escolacampclar\/wp-json\/wp\/v2\/tags?post=1633"}],"curies":[{"name":"wp","href":"https:\/\/api.w.org\/{rel}","templated":true}]}}