{"id":1625,"date":"2017-05-02T10:18:33","date_gmt":"2017-05-02T08:18:33","guid":{"rendered":"http:\/\/agora.xtec.cat\/escolacampclar\/?p=1625"},"modified":"2017-05-02T10:19:59","modified_gmt":"2017-05-02T08:19:59","slug":"el-cartell-publicitari","status":"publish","type":"post","link":"https:\/\/agora.xtec.cat\/escolacampclar\/general\/el-cartell-publicitari\/","title":{"rendered":"El cartell publicitari"},"content":{"rendered":"<p>Els alumnes de 2n A hem treballat el cartell publicitari.<\/p>\n<p>Semblava una cosa molt senzilla, per\u00f2 hem vist que el cartell publicitari, necessita tenir unes caracter\u00edstiques per a poder ser considerat un cartell publicitari: ha de tenir un bon esgl\u00f2gan i un dibuix o una foto que ajudi a entendre qu\u00e8 es vol explicar. El cartell ha de ser vist\u00f3s i tenir unes lletres grans i que s&#8217;entengui el que hi posa ja que el cartell publicitari \u00e9s un text que s&#8217;ha de llegir amb molt poc temps, ha de cridar l&#8217;atenci\u00f3!<\/p>\n<p>Despr\u00e9s de veure&#8217;n diferents exemples, i fer diversos esbossos, hem fet el nostre propi cartell publicitari! Entre tots hem decidit fer-lo sobre el seeway perqu\u00e8 a tots ens encanta aquesta joguina.<\/p>\n<p><a href=\"https:\/\/drive.google.com\/open?id=0B4n4fVJE2fdrRVBFZFdnb2xvT00\">Aqu\u00ed us deixem els nostres cartells publicitaris!<\/a><\/p>\n","protected":false},"excerpt":{"rendered":"<p>Els alumnes de 2n A hem treballat el cartell publicitari.<br \/>\nSemblava una cosa molt senzilla, per\u00f2 hem vist que el cartell publicitari, necessita tenir unes caracter\u00edstiques per a poder ser considerat un cartell publicitari: ha de tenir un bon esgl\u00f2gan i un dibuix o una foto&hellip;  <a href=\"https:\/\/agora.xtec.cat\/escolacampclar\/general\/el-cartell-publicitari\/\" title=\"Read El cartell publicitari\">Llegeix m\u00e9s\u00bb<\/a><\/p>\n","protected":false},"author":15,"featured_media":0,"comment_status":"open","ping_status":"open","sticky":false,"template":"","format":"standard","meta":{"_bbp_topic_count":0,"_bbp_reply_count":0,"_bbp_total_topic_count":0,"_bbp_total_reply_count":0,"_bbp_voice_count":0,"_bbp_anonymous_reply_count":0,"_bbp_topic_count_hidden":0,"_bbp_reply_count_hidden":0,"_bbp_forum_subforum_count":0,"footnotes":""},"categories":[1],"tags":[],"class_list":["post-1625","post","type-post","status-publish","format-standard","hentry","category-general"],"post_mailing_queue_ids":[],"_links":{"self":[{"href":"https:\/\/agora.xtec.cat\/escolacampclar\/wp-json\/wp\/v2\/posts\/1625","targetHints":{"allow":["GET"]}}],"collection":[{"href":"https:\/\/agora.xtec.cat\/escolacampclar\/wp-json\/wp\/v2\/posts"}],"about":[{"href":"https:\/\/agora.xtec.cat\/escolacampclar\/wp-json\/wp\/v2\/types\/post"}],"author":[{"embeddable":true,"href":"https:\/\/agora.xtec.cat\/escolacampclar\/wp-json\/wp\/v2\/users\/15"}],"replies":[{"embeddable":true,"href":"https:\/\/agora.xtec.cat\/escolacampclar\/wp-json\/wp\/v2\/comments?post=1625"}],"version-history":[{"count":2,"href":"https:\/\/agora.xtec.cat\/escolacampclar\/wp-json\/wp\/v2\/posts\/1625\/revisions"}],"predecessor-version":[{"id":1627,"href":"https:\/\/agora.xtec.cat\/escolacampclar\/wp-json\/wp\/v2\/posts\/1625\/revisions\/1627"}],"wp:attachment":[{"href":"https:\/\/agora.xtec.cat\/escolacampclar\/wp-json\/wp\/v2\/media?parent=1625"}],"wp:term":[{"taxonomy":"category","embeddable":true,"href":"https:\/\/agora.xtec.cat\/escolacampclar\/wp-json\/wp\/v2\/categories?post=1625"},{"taxonomy":"post_tag","embeddable":true,"href":"https:\/\/agora.xtec.cat\/escolacampclar\/wp-json\/wp\/v2\/tags?post=1625"}],"curies":[{"name":"wp","href":"https:\/\/api.w.org\/{rel}","templated":true}]}}