{"id":1606,"date":"2017-04-26T09:11:48","date_gmt":"2017-04-26T07:11:48","guid":{"rendered":"http:\/\/agora.xtec.cat\/escolacampclar\/?p=1606"},"modified":"2017-05-04T12:40:49","modified_gmt":"2017-05-04T10:40:49","slug":"el-drac-del-nostre-poble-2","status":"publish","type":"post","link":"https:\/\/agora.xtec.cat\/escolacampclar\/general\/el-drac-del-nostre-poble-2\/","title":{"rendered":"El Drac del nostre poble"},"content":{"rendered":"<p>Un any m\u00e9s ho hem tornat a fer. Gr\u00e0cies a l&#8217;esfor\u00e7 de mestres molt implicades i d&#8217;alumnes amb una il\u00b7lusi\u00f3 immensa, l&#8217;obra de teatre El <em>Drac del nostre poble<\/em> ha estat un rotund \u00e8xit. Nens i nenes que s&#8217;han menjat l&#8217;escenari oferint una estona inoblidable per al p\u00fablic que omplia la sala del Centre C\u00edvic de Torreforta.<\/p>\n<p>Tamb\u00e9 cal destacar l&#8217;actuaci\u00f3 formidable de la <em>Coral d&#8217;alumnes de l&#8217;escola.\u00a0<\/em>Les can\u00e7ons plenes d&#8217;energia que ens han ofert han provocat que els espectador aixequessin el cul del seients i es posessin a ballar. Tot plegat, un aut\u00e8ntic luxe.<\/p>\n<p><a href=\"https:\/\/drive.google.com\/drive\/folders\/0B4n4fVJE2fdrZ2JteUcyQnJfOTQ?usp=sharing\">Imatges de la jornada.<\/a><\/p>\n","protected":false},"excerpt":{"rendered":"<p>Un any m\u00e9s ho hem tornat a fer. Gr\u00e0cies a l&#8217;esfor\u00e7 de mestres molt implicades i d&#8217;alumnes amb una il\u00b7lusi\u00f3 immensa, l&#8217;obra de teatre El Drac del nostre poble ha estat un rotund \u00e8xit. Nens i nenes que s&#8217;han menjat l&#8217;escenari oferint una estona inoblidable&hellip;  <a href=\"https:\/\/agora.xtec.cat\/escolacampclar\/general\/el-drac-del-nostre-poble-2\/\" title=\"Read El Drac del nostre poble\">Llegeix m\u00e9s\u00bb<\/a><\/p>\n","protected":false},"author":14,"featured_media":1607,"comment_status":"open","ping_status":"open","sticky":false,"template":"","format":"standard","meta":{"_bbp_topic_count":0,"_bbp_reply_count":0,"_bbp_total_topic_count":0,"_bbp_total_reply_count":0,"_bbp_voice_count":0,"_bbp_anonymous_reply_count":0,"_bbp_topic_count_hidden":0,"_bbp_reply_count_hidden":0,"_bbp_forum_subforum_count":0,"footnotes":""},"categories":[23,24,25,59,29,1,31],"tags":[189,188,44,187],"class_list":["post-1606","post","type-post","status-publish","format-standard","has-post-thumbnail","hentry","category-biblioteca","category-cicle-inicial","category-cicle-mitja","category-infantil","category-festes","category-general","category-musica","tag-centre-civic-de-torreforta","tag-el-drac-del-nostre-poble","tag-escola-campclar","tag-sant-jordi"],"post_mailing_queue_ids":[],"_links":{"self":[{"href":"https:\/\/agora.xtec.cat\/escolacampclar\/wp-json\/wp\/v2\/posts\/1606","targetHints":{"allow":["GET"]}}],"collection":[{"href":"https:\/\/agora.xtec.cat\/escolacampclar\/wp-json\/wp\/v2\/posts"}],"about":[{"href":"https:\/\/agora.xtec.cat\/escolacampclar\/wp-json\/wp\/v2\/types\/post"}],"author":[{"embeddable":true,"href":"https:\/\/agora.xtec.cat\/escolacampclar\/wp-json\/wp\/v2\/users\/14"}],"replies":[{"embeddable":true,"href":"https:\/\/agora.xtec.cat\/escolacampclar\/wp-json\/wp\/v2\/comments?post=1606"}],"version-history":[{"count":3,"href":"https:\/\/agora.xtec.cat\/escolacampclar\/wp-json\/wp\/v2\/posts\/1606\/revisions"}],"predecessor-version":[{"id":1628,"href":"https:\/\/agora.xtec.cat\/escolacampclar\/wp-json\/wp\/v2\/posts\/1606\/revisions\/1628"}],"wp:featuredmedia":[{"embeddable":true,"href":"https:\/\/agora.xtec.cat\/escolacampclar\/wp-json\/wp\/v2\/media\/1607"}],"wp:attachment":[{"href":"https:\/\/agora.xtec.cat\/escolacampclar\/wp-json\/wp\/v2\/media?parent=1606"}],"wp:term":[{"taxonomy":"category","embeddable":true,"href":"https:\/\/agora.xtec.cat\/escolacampclar\/wp-json\/wp\/v2\/categories?post=1606"},{"taxonomy":"post_tag","embeddable":true,"href":"https:\/\/agora.xtec.cat\/escolacampclar\/wp-json\/wp\/v2\/tags?post=1606"}],"curies":[{"name":"wp","href":"https:\/\/api.w.org\/{rel}","templated":true}]}}