{"id":1590,"date":"2017-04-03T08:58:24","date_gmt":"2017-04-03T06:58:24","guid":{"rendered":"http:\/\/agora.xtec.cat\/escolacampclar\/?p=1590"},"modified":"2017-04-03T08:58:24","modified_gmt":"2017-04-03T06:58:24","slug":"el-mar-i-el-cel","status":"publish","type":"post","link":"https:\/\/agora.xtec.cat\/escolacampclar\/general\/el-mar-i-el-cel\/","title":{"rendered":"El mar i el cel"},"content":{"rendered":"<p>La passada setmana els alumnes de p3 van rebre la visita d&#8217;unes alumnes de l&#8217;institut Vidal i Barraquer que ens van preparar una activitat a partir d&#8217;un conte. El taller va ser molt divertit i els m\u00e9s petits de l&#8217;escola s&#8217;ho van passar d&#8217;all\u00f2 m\u00e9s b\u00e9.<\/p>\n<p><a href=\"https:\/\/drive.google.com\/open?id=0B4n4fVJE2fdrLVJDNTUxSVA2ekk\">Aqu\u00ed podeu veure un recull d&#8217;imatges i algun video.<\/a><\/p>\n","protected":false},"excerpt":{"rendered":"<p>La passada setmana els alumnes de p3 van rebre la visita d&#8217;unes alumnes de l&#8217;institut Vidal i Barraquer que ens van preparar una activitat a partir d&#8217;un conte. El taller va ser molt divertit i els m\u00e9s petits de l&#8217;escola s&#8217;ho van passar d&#8217;all\u00f2 m\u00e9s&hellip;  <a href=\"https:\/\/agora.xtec.cat\/escolacampclar\/general\/el-mar-i-el-cel\/\" title=\"Read El mar i el cel\">Llegeix m\u00e9s\u00bb<\/a><\/p>\n","protected":false},"author":14,"featured_media":1591,"comment_status":"open","ping_status":"open","sticky":false,"template":"","format":"standard","meta":{"_bbp_topic_count":0,"_bbp_reply_count":0,"_bbp_total_topic_count":0,"_bbp_total_reply_count":0,"_bbp_voice_count":0,"_bbp_anonymous_reply_count":0,"_bbp_topic_count_hidden":0,"_bbp_reply_count_hidden":0,"_bbp_forum_subforum_count":0,"footnotes":""},"categories":[59,1],"tags":[98,181,78],"class_list":["post-1590","post","type-post","status-publish","format-standard","has-post-thumbnail","hentry","category-infantil","category-general","tag-infantil","tag-taller","tag-vidal-i-barraquer"],"post_mailing_queue_ids":[],"_links":{"self":[{"href":"https:\/\/agora.xtec.cat\/escolacampclar\/wp-json\/wp\/v2\/posts\/1590","targetHints":{"allow":["GET"]}}],"collection":[{"href":"https:\/\/agora.xtec.cat\/escolacampclar\/wp-json\/wp\/v2\/posts"}],"about":[{"href":"https:\/\/agora.xtec.cat\/escolacampclar\/wp-json\/wp\/v2\/types\/post"}],"author":[{"embeddable":true,"href":"https:\/\/agora.xtec.cat\/escolacampclar\/wp-json\/wp\/v2\/users\/14"}],"replies":[{"embeddable":true,"href":"https:\/\/agora.xtec.cat\/escolacampclar\/wp-json\/wp\/v2\/comments?post=1590"}],"version-history":[{"count":1,"href":"https:\/\/agora.xtec.cat\/escolacampclar\/wp-json\/wp\/v2\/posts\/1590\/revisions"}],"predecessor-version":[{"id":1592,"href":"https:\/\/agora.xtec.cat\/escolacampclar\/wp-json\/wp\/v2\/posts\/1590\/revisions\/1592"}],"wp:featuredmedia":[{"embeddable":true,"href":"https:\/\/agora.xtec.cat\/escolacampclar\/wp-json\/wp\/v2\/media\/1591"}],"wp:attachment":[{"href":"https:\/\/agora.xtec.cat\/escolacampclar\/wp-json\/wp\/v2\/media?parent=1590"}],"wp:term":[{"taxonomy":"category","embeddable":true,"href":"https:\/\/agora.xtec.cat\/escolacampclar\/wp-json\/wp\/v2\/categories?post=1590"},{"taxonomy":"post_tag","embeddable":true,"href":"https:\/\/agora.xtec.cat\/escolacampclar\/wp-json\/wp\/v2\/tags?post=1590"}],"curies":[{"name":"wp","href":"https:\/\/api.w.org\/{rel}","templated":true}]}}