{"id":1587,"date":"2017-03-30T15:55:58","date_gmt":"2017-03-30T13:55:58","guid":{"rendered":"http:\/\/agora.xtec.cat\/escolacampclar\/?p=1587"},"modified":"2017-03-30T15:55:58","modified_gmt":"2017-03-30T13:55:58","slug":"visita-de-lescriptor-carles-sala-i-vila","status":"publish","type":"post","link":"https:\/\/agora.xtec.cat\/escolacampclar\/general\/visita-de-lescriptor-carles-sala-i-vila\/","title":{"rendered":"Visita de l&#8217;escriptor Carles Sala i Vila"},"content":{"rendered":"<p>El passat 21 de mar\u00e7, Dia Mundial de la Poesia, ens va visitar l&#8217;escriptor Carles Sala i Vila, no pas per motius po\u00e8tics sin\u00f3 perqu\u00e8 a l&#8217;escola hem llegit el seu llibre <em>50 oficis esbojarrats<\/em>, llibre divertit, engrescador, ple de paraules enjogassades i sin\u00f2nims recargolats. Ens ho hem passat molt b\u00e9 llegint-lo i el recomanem a tothom.<\/p>\n<p>Cal dir, per\u00f2 que de segur que molts nens i nenes de 3r i 4t de Catalunya l&#8217;hauran llegit doncs era lectura obligada per a participar en el <em>Certamen de lectura en veu alta<\/em> quet\u00e9 lloc aquests dies arreu del pa\u00eds. Nosaltres tamb\u00e9 hi hem participat.<\/p>\n<p>Tant amb el llibre com en la lectura hi hem trebalat de valent i aqu\u00ed us mostrem una s\u00e8rie de fotos perqu\u00e8 en podeu gaudir.<\/p>\n<p><a href=\"https:\/\/drive.google.com\/drive\/folders\/0B4n4fVJE2fdrdnhna0RqTUsydE0?usp=sharing\">Fotos de la visita.<\/a><\/p>\n","protected":false},"excerpt":{"rendered":"<p>El passat 21 de mar\u00e7, Dia Mundial de la Poesia, ens va visitar l&#8217;escriptor Carles Sala i Vila, no pas per motius po\u00e8tics sin\u00f3 perqu\u00e8 a l&#8217;escola hem llegit el seu llibre 50 oficis esbojarrats, llibre divertit, engrescador, ple de paraules enjogassades i sin\u00f2nims recargolats.&hellip;  <a href=\"https:\/\/agora.xtec.cat\/escolacampclar\/general\/visita-de-lescriptor-carles-sala-i-vila\/\" title=\"Read Visita de l&#8217;escriptor Carles Sala i Vila\">Llegeix m\u00e9s\u00bb<\/a><\/p>\n","protected":false},"author":14,"featured_media":1588,"comment_status":"open","ping_status":"open","sticky":false,"template":"","format":"standard","meta":{"_bbp_topic_count":0,"_bbp_reply_count":0,"_bbp_total_topic_count":0,"_bbp_total_reply_count":0,"_bbp_voice_count":0,"_bbp_anonymous_reply_count":0,"_bbp_topic_count_hidden":0,"_bbp_reply_count_hidden":0,"_bbp_forum_subforum_count":0,"footnotes":""},"categories":[23,25,26,1],"tags":[180,179],"class_list":["post-1587","post","type-post","status-publish","format-standard","has-post-thumbnail","hentry","category-biblioteca","category-cicle-mitja","category-cicle-superior","category-general","tag-50-oficis-esbojarrats","tag-carles-sala-i-vila"],"post_mailing_queue_ids":[],"_links":{"self":[{"href":"https:\/\/agora.xtec.cat\/escolacampclar\/wp-json\/wp\/v2\/posts\/1587","targetHints":{"allow":["GET"]}}],"collection":[{"href":"https:\/\/agora.xtec.cat\/escolacampclar\/wp-json\/wp\/v2\/posts"}],"about":[{"href":"https:\/\/agora.xtec.cat\/escolacampclar\/wp-json\/wp\/v2\/types\/post"}],"author":[{"embeddable":true,"href":"https:\/\/agora.xtec.cat\/escolacampclar\/wp-json\/wp\/v2\/users\/14"}],"replies":[{"embeddable":true,"href":"https:\/\/agora.xtec.cat\/escolacampclar\/wp-json\/wp\/v2\/comments?post=1587"}],"version-history":[{"count":1,"href":"https:\/\/agora.xtec.cat\/escolacampclar\/wp-json\/wp\/v2\/posts\/1587\/revisions"}],"predecessor-version":[{"id":1589,"href":"https:\/\/agora.xtec.cat\/escolacampclar\/wp-json\/wp\/v2\/posts\/1587\/revisions\/1589"}],"wp:featuredmedia":[{"embeddable":true,"href":"https:\/\/agora.xtec.cat\/escolacampclar\/wp-json\/wp\/v2\/media\/1588"}],"wp:attachment":[{"href":"https:\/\/agora.xtec.cat\/escolacampclar\/wp-json\/wp\/v2\/media?parent=1587"}],"wp:term":[{"taxonomy":"category","embeddable":true,"href":"https:\/\/agora.xtec.cat\/escolacampclar\/wp-json\/wp\/v2\/categories?post=1587"},{"taxonomy":"post_tag","embeddable":true,"href":"https:\/\/agora.xtec.cat\/escolacampclar\/wp-json\/wp\/v2\/tags?post=1587"}],"curies":[{"name":"wp","href":"https:\/\/api.w.org\/{rel}","templated":true}]}}