{"id":1584,"date":"2017-03-30T11:41:06","date_gmt":"2017-03-30T09:41:06","guid":{"rendered":"http:\/\/agora.xtec.cat\/escolacampclar\/?p=1584"},"modified":"2017-03-30T11:41:06","modified_gmt":"2017-03-30T09:41:06","slug":"dia-mundial-de-la-poesia-3","status":"publish","type":"post","link":"https:\/\/agora.xtec.cat\/escolacampclar\/general\/dia-mundial-de-la-poesia-3\/","title":{"rendered":"Dia mundial de la poesia"},"content":{"rendered":"<p>El dia 21 de mar\u00e7 va ser el dia Mundial de la Poesia i la nostra escola va dedicar-s&#8217;hi de ple. Durant uns quants dies vam escriure poemes que despr\u00e9s vam llegir a l&#8217;hora del pati davant dels companys i mestres.<\/p>\n<p>Al Hall vam crear un mural amb un t\u00edtol: <em>Un glopet de poesia<\/em>. Dins de cada got enganxat al mural hi pos\u00e0vem la nostra poesia per qui la volgu\u00e9s llegir.<\/p>\n<p>Tamb\u00e9 vam participar a una activitat de Lectura i entorn de penjar bosses amb poemes d&#8217;escriptors de renom i vam recitar el poema d&#8217;Ant\u00f2nia Vincens en diferents idiomes en una escola del barri.<\/p>\n<p>Per acabar vam cantar i ballar la can\u00e7\u00f3 <em>Viu<\/em> del grup Roba estesa.<\/p>\n<p>Va ser un dia molt entranyable i emocionant.<\/p>\n<p>En el seg\u00fcent enlla\u00e7 podr\u00e0s veure les imatges de la jornada.<a href=\"https:\/\/drive.google.com\/drive\/folders\/0B4n4fVJE2fdraEJ3cVNDOXFTcUk?usp=sharing\"> DIA MUNDIAL DE LA POESIA 2017<\/a><\/p>\n","protected":false},"excerpt":{"rendered":"<p>El dia 21 de mar\u00e7 va ser el dia Mundial de la Poesia i la nostra escola va dedicar-s&#8217;hi de ple. Durant uns quants dies vam escriure poemes que despr\u00e9s vam llegir a l&#8217;hora del pati davant dels companys i mestres.<br \/>\nAl Hall vam crear un&hellip;  <a href=\"https:\/\/agora.xtec.cat\/escolacampclar\/general\/dia-mundial-de-la-poesia-3\/\" title=\"Read Dia mundial de la poesia\">Llegeix m\u00e9s\u00bb<\/a><\/p>\n","protected":false},"author":14,"featured_media":1585,"comment_status":"open","ping_status":"open","sticky":false,"template":"","format":"standard","meta":{"_bbp_topic_count":0,"_bbp_reply_count":0,"_bbp_total_topic_count":0,"_bbp_total_reply_count":0,"_bbp_voice_count":0,"_bbp_anonymous_reply_count":0,"_bbp_topic_count_hidden":0,"_bbp_reply_count_hidden":0,"_bbp_forum_subforum_count":0,"footnotes":""},"categories":[23,24,25,26,59,1,31],"tags":[177,44,178],"class_list":["post-1584","post","type-post","status-publish","format-standard","has-post-thumbnail","hentry","category-biblioteca","category-cicle-inicial","category-cicle-mitja","category-cicle-superior","category-infantil","category-general","category-musica","tag-dia-mundial-de-la-poesia","tag-escola-campclar","tag-pla-dentorn"],"post_mailing_queue_ids":[],"_links":{"self":[{"href":"https:\/\/agora.xtec.cat\/escolacampclar\/wp-json\/wp\/v2\/posts\/1584","targetHints":{"allow":["GET"]}}],"collection":[{"href":"https:\/\/agora.xtec.cat\/escolacampclar\/wp-json\/wp\/v2\/posts"}],"about":[{"href":"https:\/\/agora.xtec.cat\/escolacampclar\/wp-json\/wp\/v2\/types\/post"}],"author":[{"embeddable":true,"href":"https:\/\/agora.xtec.cat\/escolacampclar\/wp-json\/wp\/v2\/users\/14"}],"replies":[{"embeddable":true,"href":"https:\/\/agora.xtec.cat\/escolacampclar\/wp-json\/wp\/v2\/comments?post=1584"}],"version-history":[{"count":1,"href":"https:\/\/agora.xtec.cat\/escolacampclar\/wp-json\/wp\/v2\/posts\/1584\/revisions"}],"predecessor-version":[{"id":1586,"href":"https:\/\/agora.xtec.cat\/escolacampclar\/wp-json\/wp\/v2\/posts\/1584\/revisions\/1586"}],"wp:featuredmedia":[{"embeddable":true,"href":"https:\/\/agora.xtec.cat\/escolacampclar\/wp-json\/wp\/v2\/media\/1585"}],"wp:attachment":[{"href":"https:\/\/agora.xtec.cat\/escolacampclar\/wp-json\/wp\/v2\/media?parent=1584"}],"wp:term":[{"taxonomy":"category","embeddable":true,"href":"https:\/\/agora.xtec.cat\/escolacampclar\/wp-json\/wp\/v2\/categories?post=1584"},{"taxonomy":"post_tag","embeddable":true,"href":"https:\/\/agora.xtec.cat\/escolacampclar\/wp-json\/wp\/v2\/tags?post=1584"}],"curies":[{"name":"wp","href":"https:\/\/api.w.org\/{rel}","templated":true}]}}