{"id":1581,"date":"2017-03-30T09:34:48","date_gmt":"2017-03-30T07:34:48","guid":{"rendered":"http:\/\/agora.xtec.cat\/escolacampclar\/?p=1581"},"modified":"2017-05-02T09:18:54","modified_gmt":"2017-05-02T07:18:54","slug":"intercicles-de-segon-a-quart","status":"publish","type":"post","link":"https:\/\/agora.xtec.cat\/escolacampclar\/general\/intercicles-de-segon-a-quart\/","title":{"rendered":"Intercicles de segon a quart!"},"content":{"rendered":"<p>Els alumnes de segon ens hem apr\u00e8s un poema de la vella quaresma. Ens ha costat perqu\u00e8 era llarg per\u00f2 ha valgut la pena perqu\u00e8 els alumnes de quart han quedat encantats!!<\/p>\n<p>&nbsp;<\/p>\n<p>Els hi hem portat un regalet&#8230;.un punt de llibre de la vella quaresma, aix\u00ed sempre que llegeixin es recordaran dels seus companys de segon.<\/p>\n<p><a href=\"https:\/\/drive.google.com\/file\/d\/0B4n4fVJE2fdrVHVvQ2lmV0pFcUE\/view?usp=sharing\">Aqu\u00ed us deixem una foto de tots els alumnes que hi van participar<\/a><\/p>\n<p>&nbsp;<\/p>\n","protected":false},"excerpt":{"rendered":"<p>Els alumnes de segon ens hem apr\u00e8s un poema de la vella quaresma. Ens ha costat perqu\u00e8 era llarg per\u00f2 ha valgut la pena perqu\u00e8 els alumnes de quart han quedat encantats!!<br \/>\n&nbsp;<br \/>\nEls hi hem portat un regalet&#8230;.un punt de llibre de la vella quaresma, aix\u00ed&hellip;  <a href=\"https:\/\/agora.xtec.cat\/escolacampclar\/general\/intercicles-de-segon-a-quart\/\" title=\"Read Intercicles de segon a quart!\">Llegeix m\u00e9s\u00bb<\/a><\/p>\n","protected":false},"author":15,"featured_media":1582,"comment_status":"open","ping_status":"open","sticky":false,"template":"","format":"standard","meta":{"_bbp_topic_count":0,"_bbp_reply_count":0,"_bbp_total_topic_count":0,"_bbp_total_reply_count":0,"_bbp_voice_count":0,"_bbp_anonymous_reply_count":0,"_bbp_topic_count_hidden":0,"_bbp_reply_count_hidden":0,"_bbp_forum_subforum_count":0,"footnotes":""},"categories":[24,25,1,75],"tags":[34,55],"class_list":["post-1581","post","type-post","status-publish","format-standard","has-post-thumbnail","hentry","category-cicle-inicial","category-cicle-mitja","category-general","category-intercicles","tag-campclar","tag-tarragona"],"post_mailing_queue_ids":[],"_links":{"self":[{"href":"https:\/\/agora.xtec.cat\/escolacampclar\/wp-json\/wp\/v2\/posts\/1581","targetHints":{"allow":["GET"]}}],"collection":[{"href":"https:\/\/agora.xtec.cat\/escolacampclar\/wp-json\/wp\/v2\/posts"}],"about":[{"href":"https:\/\/agora.xtec.cat\/escolacampclar\/wp-json\/wp\/v2\/types\/post"}],"author":[{"embeddable":true,"href":"https:\/\/agora.xtec.cat\/escolacampclar\/wp-json\/wp\/v2\/users\/15"}],"replies":[{"embeddable":true,"href":"https:\/\/agora.xtec.cat\/escolacampclar\/wp-json\/wp\/v2\/comments?post=1581"}],"version-history":[{"count":3,"href":"https:\/\/agora.xtec.cat\/escolacampclar\/wp-json\/wp\/v2\/posts\/1581\/revisions"}],"predecessor-version":[{"id":1613,"href":"https:\/\/agora.xtec.cat\/escolacampclar\/wp-json\/wp\/v2\/posts\/1581\/revisions\/1613"}],"wp:featuredmedia":[{"embeddable":true,"href":"https:\/\/agora.xtec.cat\/escolacampclar\/wp-json\/wp\/v2\/media\/1582"}],"wp:attachment":[{"href":"https:\/\/agora.xtec.cat\/escolacampclar\/wp-json\/wp\/v2\/media?parent=1581"}],"wp:term":[{"taxonomy":"category","embeddable":true,"href":"https:\/\/agora.xtec.cat\/escolacampclar\/wp-json\/wp\/v2\/categories?post=1581"},{"taxonomy":"post_tag","embeddable":true,"href":"https:\/\/agora.xtec.cat\/escolacampclar\/wp-json\/wp\/v2\/tags?post=1581"}],"curies":[{"name":"wp","href":"https:\/\/api.w.org\/{rel}","templated":true}]}}