{"id":1579,"date":"2017-03-30T09:24:17","date_gmt":"2017-03-30T07:24:17","guid":{"rendered":"http:\/\/agora.xtec.cat\/escolacampclar\/?p=1579"},"modified":"2017-05-02T09:28:19","modified_gmt":"2017-05-02T07:28:19","slug":"el-projecte-del-conill-i-el-cavall-a-primer","status":"publish","type":"post","link":"https:\/\/agora.xtec.cat\/escolacampclar\/general\/el-projecte-del-conill-i-el-cavall-a-primer\/","title":{"rendered":"El projecte del conill i el cavall a primer!"},"content":{"rendered":"<p>Els nens de primer\u00a0estem fent el projecte dels conills i els cavalls.<\/p>\n<p>Els nens de 1rA, avui avui hem pogut veure i tocar aquests animals. Ens ho hem passat molt b\u00e9, i tamb\u00e9 hem apr\u00e8s quines s\u00f3n les parts del cos, tant per fora com per dins.<\/p>\n<p>Us deixem un seguit de fotos perqu\u00e8 vegeu com hem gaudit i hem apr\u00e8s en aquest projecte.<\/p>\n<p><a href=\"https:\/\/drive.google.com\/open?id=0B4n4fVJE2fdrWG1CNXktX2pJMUU\">Cliqueu aqu\u00ed<\/a><\/p>\n","protected":false},"excerpt":{"rendered":"<p>Els nens de primer\u00a0estem fent el projecte dels conills i els cavalls.<br \/>\nEls nens de 1rA, avui avui hem pogut veure i tocar aquests animals. Ens ho hem passat molt b\u00e9, i tamb\u00e9 hem apr\u00e8s quines s\u00f3n les parts del cos, tant per fora com per&hellip;  <a href=\"https:\/\/agora.xtec.cat\/escolacampclar\/general\/el-projecte-del-conill-i-el-cavall-a-primer\/\" title=\"Read El projecte del conill i el cavall a primer!\">Llegeix m\u00e9s\u00bb<\/a><\/p>\n","protected":false},"author":15,"featured_media":1615,"comment_status":"open","ping_status":"open","sticky":false,"template":"","format":"standard","meta":{"_bbp_topic_count":0,"_bbp_reply_count":0,"_bbp_total_topic_count":0,"_bbp_total_reply_count":0,"_bbp_voice_count":0,"_bbp_anonymous_reply_count":0,"_bbp_topic_count_hidden":0,"_bbp_reply_count_hidden":0,"_bbp_forum_subforum_count":0,"footnotes":""},"categories":[24,1],"tags":[36,43,44,87],"class_list":["post-1579","post","type-post","status-publish","format-standard","has-post-thumbnail","hentry","category-cicle-inicial","category-general","tag-cicle-inicial","tag-escola","tag-escola-campclar","tag-projecte"],"post_mailing_queue_ids":[],"_links":{"self":[{"href":"https:\/\/agora.xtec.cat\/escolacampclar\/wp-json\/wp\/v2\/posts\/1579","targetHints":{"allow":["GET"]}}],"collection":[{"href":"https:\/\/agora.xtec.cat\/escolacampclar\/wp-json\/wp\/v2\/posts"}],"about":[{"href":"https:\/\/agora.xtec.cat\/escolacampclar\/wp-json\/wp\/v2\/types\/post"}],"author":[{"embeddable":true,"href":"https:\/\/agora.xtec.cat\/escolacampclar\/wp-json\/wp\/v2\/users\/15"}],"replies":[{"embeddable":true,"href":"https:\/\/agora.xtec.cat\/escolacampclar\/wp-json\/wp\/v2\/comments?post=1579"}],"version-history":[{"count":3,"href":"https:\/\/agora.xtec.cat\/escolacampclar\/wp-json\/wp\/v2\/posts\/1579\/revisions"}],"predecessor-version":[{"id":1617,"href":"https:\/\/agora.xtec.cat\/escolacampclar\/wp-json\/wp\/v2\/posts\/1579\/revisions\/1617"}],"wp:featuredmedia":[{"embeddable":true,"href":"https:\/\/agora.xtec.cat\/escolacampclar\/wp-json\/wp\/v2\/media\/1615"}],"wp:attachment":[{"href":"https:\/\/agora.xtec.cat\/escolacampclar\/wp-json\/wp\/v2\/media?parent=1579"}],"wp:term":[{"taxonomy":"category","embeddable":true,"href":"https:\/\/agora.xtec.cat\/escolacampclar\/wp-json\/wp\/v2\/categories?post=1579"},{"taxonomy":"post_tag","embeddable":true,"href":"https:\/\/agora.xtec.cat\/escolacampclar\/wp-json\/wp\/v2\/tags?post=1579"}],"curies":[{"name":"wp","href":"https:\/\/api.w.org\/{rel}","templated":true}]}}