{"id":1576,"date":"2017-03-22T16:10:02","date_gmt":"2017-03-22T15:10:02","guid":{"rendered":"http:\/\/agora.xtec.cat\/escolacampclar\/?p=1576"},"modified":"2017-03-22T16:10:02","modified_gmt":"2017-03-22T15:10:02","slug":"intercicles-3r-amb-p4","status":"publish","type":"post","link":"https:\/\/agora.xtec.cat\/escolacampclar\/general\/intercicles-3r-amb-p4\/","title":{"rendered":"Intercicles 3r amb P4"},"content":{"rendered":"<p>El dimarts, els alumnes de 3r van anar a exposar la seva activitat al nens i nenes de P4. Ho van passar d&#8217;all\u00f2 m\u00e9s b\u00e9! <a href=\"https:\/\/drive.google.com\/open?id=0B4n4fVJE2fdrU2ZMdURBRzljNmM\">Aqu\u00ed<\/a> podeu veure algunes fotos.<\/p>\n","protected":false},"excerpt":{"rendered":"<p>El dimarts, els alumnes de 3r van anar a exposar la seva activitat al nens i nenes de P4. Ho van passar d&#8217;all\u00f2 m\u00e9s b\u00e9! <a href=\"https:\/\/drive.google.com\/open?id=0B4n4fVJE2fdrU2ZMdURBRzljNmM\">Aqu\u00ed<\/a> podeu veure algunes fotos.<\/p>\n","protected":false},"author":14,"featured_media":1578,"comment_status":"open","ping_status":"open","sticky":false,"template":"","format":"standard","meta":{"_bbp_topic_count":0,"_bbp_reply_count":0,"_bbp_total_topic_count":0,"_bbp_total_reply_count":0,"_bbp_voice_count":0,"_bbp_anonymous_reply_count":0,"_bbp_topic_count_hidden":0,"_bbp_reply_count_hidden":0,"_bbp_forum_subforum_count":0,"footnotes":""},"categories":[25,59,1],"tags":[100,175,37,42,44,176],"class_list":["post-1576","post","type-post","status-publish","format-standard","has-post-thumbnail","hentry","category-cicle-mitja","category-infantil","category-general","tag-3r","tag-activitat-intercicles","tag-cicle-mitja-2","tag-educacio-infantil-2","tag-escola-campclar","tag-p4"],"post_mailing_queue_ids":[],"_links":{"self":[{"href":"https:\/\/agora.xtec.cat\/escolacampclar\/wp-json\/wp\/v2\/posts\/1576","targetHints":{"allow":["GET"]}}],"collection":[{"href":"https:\/\/agora.xtec.cat\/escolacampclar\/wp-json\/wp\/v2\/posts"}],"about":[{"href":"https:\/\/agora.xtec.cat\/escolacampclar\/wp-json\/wp\/v2\/types\/post"}],"author":[{"embeddable":true,"href":"https:\/\/agora.xtec.cat\/escolacampclar\/wp-json\/wp\/v2\/users\/14"}],"replies":[{"embeddable":true,"href":"https:\/\/agora.xtec.cat\/escolacampclar\/wp-json\/wp\/v2\/comments?post=1576"}],"version-history":[{"count":1,"href":"https:\/\/agora.xtec.cat\/escolacampclar\/wp-json\/wp\/v2\/posts\/1576\/revisions"}],"predecessor-version":[{"id":1577,"href":"https:\/\/agora.xtec.cat\/escolacampclar\/wp-json\/wp\/v2\/posts\/1576\/revisions\/1577"}],"wp:featuredmedia":[{"embeddable":true,"href":"https:\/\/agora.xtec.cat\/escolacampclar\/wp-json\/wp\/v2\/media\/1578"}],"wp:attachment":[{"href":"https:\/\/agora.xtec.cat\/escolacampclar\/wp-json\/wp\/v2\/media?parent=1576"}],"wp:term":[{"taxonomy":"category","embeddable":true,"href":"https:\/\/agora.xtec.cat\/escolacampclar\/wp-json\/wp\/v2\/categories?post=1576"},{"taxonomy":"post_tag","embeddable":true,"href":"https:\/\/agora.xtec.cat\/escolacampclar\/wp-json\/wp\/v2\/tags?post=1576"}],"curies":[{"name":"wp","href":"https:\/\/api.w.org\/{rel}","templated":true}]}}