{"id":1573,"date":"2017-03-20T15:23:11","date_gmt":"2017-03-20T14:23:11","guid":{"rendered":"http:\/\/agora.xtec.cat\/escolacampclar\/?p=1573"},"modified":"2017-03-20T15:23:11","modified_gmt":"2017-03-20T14:23:11","slug":"la-nostra-primera-sessio-a-lhort","status":"publish","type":"post","link":"https:\/\/agora.xtec.cat\/escolacampclar\/general\/la-nostra-primera-sessio-a-lhort\/","title":{"rendered":"La nostra primera sessi\u00f3 a l&#8217;hort"},"content":{"rendered":"<p>El dimecres a les 12:15 vam comen\u00e7ar una activitat molt divertida. Vam anar a l&#8217;hort.<\/p>\n<p>Va ser molt divertit. Vam fer grups de tres o quatre alumnes i cada grup feia un treball:<\/p>\n<ul>\n<li>Grup responsable de l&#8217;aigua: format per l&#8217;Alfonso, el Karim i el Salah.<\/li>\n<li>Grup de l&#8217;aixada: format pel Zaka, l&#8217;Abel i el Didac.<\/li>\n<li>Grup responsable de plantar: Format pel Didac i la Soraya.<\/li>\n<li>Grup del rasclet: format per l&#8217;Emma, l&#8217;Adelina i l&#8217;Omayma.<\/li>\n<\/ul>\n<p>Els professors que ens van acompanyar van ser la Magda i el Jordi, encarregat de l&#8217;hort.<\/p>\n<p>Ens vam organitzar de la seg\u00fcent forma:<\/p>\n<p>Primer vam anar amb la Magda i el Jordi a agafar els estris necessaris. Nosaltres vam agafar les aixades i ens vam posar a treballar. Amb les aixades vam fer solcs i despr\u00e9s, el Didac va plantar cebes mentres nosaltres segu\u00edem amb l&#8217;aixada.Ho vam fer molt b\u00e9 i va ser molt divertit.<\/p>\n<p>Al final vam posar una malla per a que els ocells no els mengin les llavors.<\/p>\n<p>Gr\u00e0cies a la Magda i al Jordi per aquesta experi\u00e8ncia.<\/p>\n<p><em>Zakaria, Didac i Abel.<\/em><\/p>\n","protected":false},"excerpt":{"rendered":"<p>El dimecres a les 12:15 vam comen\u00e7ar una activitat molt divertida. Vam anar a l&#8217;hort.<br \/>\nVa ser molt divertit. Vam fer grups de tres o quatre alumnes i cada grup feia un treball:<\/p>\n<ul>\n<li>Grup responsable de l&#8217;aigua: format per l&#8217;Alfonso, el Karim i el Salah.<\/li>\n<li>Grup de l&#8217;aixada:&hellip;  <a href=\"https:\/\/agora.xtec.cat\/escolacampclar\/general\/la-nostra-primera-sessio-a-lhort\/\" title=\"Read La nostra primera sessi\u00f3 a l&#8217;hort\">Llegeix m\u00e9s\u00bb<\/a><br \/>\n","protected":false},"author":14,"featured_media":1575,"comment_status":"open","ping_status":"open","sticky":false,"template":"","format":"standard","meta":{"_bbp_topic_count":0,"_bbp_reply_count":0,"_bbp_total_topic_count":0,"_bbp_total_reply_count":0,"_bbp_voice_count":0,"_bbp_anonymous_reply_count":0,"_bbp_topic_count_hidden":0,"_bbp_reply_count_hidden":0,"_bbp_forum_subforum_count":0,"footnotes":""},"categories":[26,1,30],"tags":[],"class_list":["post-1573","post","type-post","status-publish","format-standard","has-post-thumbnail","hentry","category-cicle-superior","category-general","category-hort"],"post_mailing_queue_ids":[],"_links":{"self":[{"href":"https:\/\/agora.xtec.cat\/escolacampclar\/wp-json\/wp\/v2\/posts\/1573","targetHints":{"allow":["GET"]}}],"collection":[{"href":"https:\/\/agora.xtec.cat\/escolacampclar\/wp-json\/wp\/v2\/posts"}],"about":[{"href":"https:\/\/agora.xtec.cat\/escolacampclar\/wp-json\/wp\/v2\/types\/post"}],"author":[{"embeddable":true,"href":"https:\/\/agora.xtec.cat\/escolacampclar\/wp-json\/wp\/v2\/users\/14"}],"replies":[{"embeddable":true,"href":"https:\/\/agora.xtec.cat\/escolacampclar\/wp-json\/wp\/v2\/comments?post=1573"}],"version-history":[{"count":1,"href":"https:\/\/agora.xtec.cat\/escolacampclar\/wp-json\/wp\/v2\/posts\/1573\/revisions"}],"predecessor-version":[{"id":1574,"href":"https:\/\/agora.xtec.cat\/escolacampclar\/wp-json\/wp\/v2\/posts\/1573\/revisions\/1574"}],"wp:featuredmedia":[{"embeddable":true,"href":"https:\/\/agora.xtec.cat\/escolacampclar\/wp-json\/wp\/v2\/media\/1575"}],"wp:attachment":[{"href":"https:\/\/agora.xtec.cat\/escolacampclar\/wp-json\/wp\/v2\/media?parent=1573"}],"wp:term":[{"taxonomy":"category","embeddable":true,"href":"https:\/\/agora.xtec.cat\/escolacampclar\/wp-json\/wp\/v2\/categories?post=1573"},{"taxonomy":"post_tag","embeddable":true,"href":"https:\/\/agora.xtec.cat\/escolacampclar\/wp-json\/wp\/v2\/tags?post=1573"}],"curies":[{"name":"wp","href":"https:\/\/api.w.org\/{rel}","templated":true}]}}