{"id":1567,"date":"2017-03-09T13:55:02","date_gmt":"2017-03-09T12:55:02","guid":{"rendered":"http:\/\/agora.xtec.cat\/escolacampclar\/?p=1567"},"modified":"2017-03-09T13:55:02","modified_gmt":"2017-03-09T12:55:02","slug":"sortida-al-macba","status":"publish","type":"post","link":"https:\/\/agora.xtec.cat\/escolacampclar\/general\/sortida-al-macba\/","title":{"rendered":"Sortida al MACBA"},"content":{"rendered":"<p>Interessant\u00edssima sortida al MACBA dels alumnes d&#8217;educaci\u00f3 infantil dins del projecte Expressart que t\u00e9 l&#8217;objectiu d&#8217;estimular en els nens l\u2019exploraci\u00f3 i la descoberta del m\u00f3n a trav\u00e9s del joc i el desenvolupament de la creativitat.<\/p>\n<p>En el seg\u00fcent enlla\u00e7 podeu veure algunes imatges.<\/p>\n<p><a href=\"https:\/\/drive.google.com\/drive\/folders\/0B4n4fVJE2fdrLUppUE95a3ZxWG8?usp=sharing\">Fotos de la sortida al MACBA.<\/a><\/p>\n","protected":false},"excerpt":{"rendered":"<p>Interessant\u00edssima sortida al MACBA dels alumnes d&#8217;educaci\u00f3 infantil dins del projecte Expressart que t\u00e9 l&#8217;objectiu d&#8217;estimular en els nens l\u2019exploraci\u00f3 i la descoberta del m\u00f3n a trav\u00e9s del joc i el desenvolupament de la creativitat.<br \/>\nEn el seg\u00fcent enlla\u00e7 podeu veure algunes imatges.<br \/>\n<a href=\"https:\/\/drive.google.com\/drive\/folders\/0B4n4fVJE2fdrLUppUE95a3ZxWG8?usp=sharing\">Fotos de la&hellip;  <a href=\"https:\/\/agora.xtec.cat\/escolacampclar\/general\/sortida-al-macba\/\" title=\"Read Sortida al MACBA\">Llegeix m\u00e9s\u00bb<\/a><\/p>\n","protected":false},"author":14,"featured_media":1568,"comment_status":"open","ping_status":"open","sticky":false,"template":"","format":"standard","meta":{"_bbp_topic_count":0,"_bbp_reply_count":0,"_bbp_total_topic_count":0,"_bbp_total_reply_count":0,"_bbp_voice_count":0,"_bbp_anonymous_reply_count":0,"_bbp_topic_count_hidden":0,"_bbp_reply_count_hidden":0,"_bbp_forum_subforum_count":0,"footnotes":""},"categories":[59,1],"tags":[44,174,76],"class_list":["post-1567","post","type-post","status-publish","format-standard","has-post-thumbnail","hentry","category-infantil","category-general","tag-escola-campclar","tag-expressart","tag-macba"],"post_mailing_queue_ids":[],"_links":{"self":[{"href":"https:\/\/agora.xtec.cat\/escolacampclar\/wp-json\/wp\/v2\/posts\/1567","targetHints":{"allow":["GET"]}}],"collection":[{"href":"https:\/\/agora.xtec.cat\/escolacampclar\/wp-json\/wp\/v2\/posts"}],"about":[{"href":"https:\/\/agora.xtec.cat\/escolacampclar\/wp-json\/wp\/v2\/types\/post"}],"author":[{"embeddable":true,"href":"https:\/\/agora.xtec.cat\/escolacampclar\/wp-json\/wp\/v2\/users\/14"}],"replies":[{"embeddable":true,"href":"https:\/\/agora.xtec.cat\/escolacampclar\/wp-json\/wp\/v2\/comments?post=1567"}],"version-history":[{"count":1,"href":"https:\/\/agora.xtec.cat\/escolacampclar\/wp-json\/wp\/v2\/posts\/1567\/revisions"}],"predecessor-version":[{"id":1569,"href":"https:\/\/agora.xtec.cat\/escolacampclar\/wp-json\/wp\/v2\/posts\/1567\/revisions\/1569"}],"wp:featuredmedia":[{"embeddable":true,"href":"https:\/\/agora.xtec.cat\/escolacampclar\/wp-json\/wp\/v2\/media\/1568"}],"wp:attachment":[{"href":"https:\/\/agora.xtec.cat\/escolacampclar\/wp-json\/wp\/v2\/media?parent=1567"}],"wp:term":[{"taxonomy":"category","embeddable":true,"href":"https:\/\/agora.xtec.cat\/escolacampclar\/wp-json\/wp\/v2\/categories?post=1567"},{"taxonomy":"post_tag","embeddable":true,"href":"https:\/\/agora.xtec.cat\/escolacampclar\/wp-json\/wp\/v2\/tags?post=1567"}],"curies":[{"name":"wp","href":"https:\/\/api.w.org\/{rel}","templated":true}]}}