{"id":1559,"date":"2017-02-28T11:56:38","date_gmt":"2017-02-28T10:56:38","guid":{"rendered":"http:\/\/agora.xtec.cat\/escolacampclar\/?p=1559"},"modified":"2017-02-28T11:56:38","modified_gmt":"2017-02-28T10:56:38","slug":"taller-de-disfresses-i-pintura-a-p5","status":"publish","type":"post","link":"https:\/\/agora.xtec.cat\/escolacampclar\/general\/taller-de-disfresses-i-pintura-a-p5\/","title":{"rendered":"Taller de disfresses i pintura a p5"},"content":{"rendered":"<p>Durant la setmana passada els alumnes de p5 van estar treballant i disfrutant del carnaval!<\/p>\n<p>Van realitzar taller de pintura de cares i de disfresses per les tardes, ens ho vam passar d&#8217;all\u00f2 m\u00e9s b\u00e9!<\/p>\n<p>Clica aqu\u00ed per veure un recull d&#8217;imatges.<\/p>\n","protected":false},"excerpt":{"rendered":"<p>Durant la setmana passada els alumnes de p5 van estar treballant i disfrutant del carnaval!<br \/>\nVan realitzar taller de pintura de cares i de disfresses per les tardes, ens ho vam passar d&#8217;all\u00f2 m\u00e9s b\u00e9!<br \/>\nClica aqu\u00ed per veure un recull d&#8217;imatges.<\/p>\n","protected":false},"author":14,"featured_media":0,"comment_status":"open","ping_status":"open","sticky":false,"template":"","format":"standard","meta":{"_bbp_topic_count":0,"_bbp_reply_count":0,"_bbp_total_topic_count":0,"_bbp_total_reply_count":0,"_bbp_voice_count":0,"_bbp_anonymous_reply_count":0,"_bbp_topic_count_hidden":0,"_bbp_reply_count_hidden":0,"_bbp_forum_subforum_count":0,"footnotes":""},"categories":[59,1],"tags":[170,172,171,54],"class_list":["post-1559","post","type-post","status-publish","format-standard","hentry","category-infantil","category-general","tag-carnaval","tag-disfressa","tag-maquillatge","tag-tallers"],"post_mailing_queue_ids":[],"_links":{"self":[{"href":"https:\/\/agora.xtec.cat\/escolacampclar\/wp-json\/wp\/v2\/posts\/1559","targetHints":{"allow":["GET"]}}],"collection":[{"href":"https:\/\/agora.xtec.cat\/escolacampclar\/wp-json\/wp\/v2\/posts"}],"about":[{"href":"https:\/\/agora.xtec.cat\/escolacampclar\/wp-json\/wp\/v2\/types\/post"}],"author":[{"embeddable":true,"href":"https:\/\/agora.xtec.cat\/escolacampclar\/wp-json\/wp\/v2\/users\/14"}],"replies":[{"embeddable":true,"href":"https:\/\/agora.xtec.cat\/escolacampclar\/wp-json\/wp\/v2\/comments?post=1559"}],"version-history":[{"count":1,"href":"https:\/\/agora.xtec.cat\/escolacampclar\/wp-json\/wp\/v2\/posts\/1559\/revisions"}],"predecessor-version":[{"id":1560,"href":"https:\/\/agora.xtec.cat\/escolacampclar\/wp-json\/wp\/v2\/posts\/1559\/revisions\/1560"}],"wp:attachment":[{"href":"https:\/\/agora.xtec.cat\/escolacampclar\/wp-json\/wp\/v2\/media?parent=1559"}],"wp:term":[{"taxonomy":"category","embeddable":true,"href":"https:\/\/agora.xtec.cat\/escolacampclar\/wp-json\/wp\/v2\/categories?post=1559"},{"taxonomy":"post_tag","embeddable":true,"href":"https:\/\/agora.xtec.cat\/escolacampclar\/wp-json\/wp\/v2\/tags?post=1559"}],"curies":[{"name":"wp","href":"https:\/\/api.w.org\/{rel}","templated":true}]}}