{"id":1553,"date":"2017-02-21T12:00:52","date_gmt":"2017-02-21T11:00:52","guid":{"rendered":"http:\/\/agora.xtec.cat\/escolacampclar\/?p=1553"},"modified":"2017-02-21T12:00:52","modified_gmt":"2017-02-21T11:00:52","slug":"p5-i-lliga-el-conte-i-passal","status":"publish","type":"post","link":"https:\/\/agora.xtec.cat\/escolacampclar\/general\/p5-i-lliga-el-conte-i-passal\/","title":{"rendered":"P5 i lliga el conte i passa&#8217;l!!"},"content":{"rendered":"<p>Aquesta setmana ha sigut el torn dels alumnes de p5, els m\u00e9s grans d&#8217;educaci\u00f3 infantil, que han visitat el centre c\u00edvic de Torreforta per disfrutar de les seves instal\u00b7lacions i veure la representaci\u00f3 del conte &#8220;Les girafes no poden ballar&#8221; per part de les responsables de la biblioteca del centre.<\/p>\n<p>Cada cop que anem ens ho passem molt b\u00e9! Ens agradaria poder anar m\u00e9s sovint, tot i que des del centre ens recorden que les families poden anar per les tardes de manera gratu\u00efta.<\/p>\n<p><a href=\"https:\/\/drive.google.com\/open?id=0B4n4fVJE2fdrLUljaXFPcl9iME0\">Clica aqu\u00ed per veure algunes imatges!<\/a><\/p>\n","protected":false},"excerpt":{"rendered":"<p>Aquesta setmana ha sigut el torn dels alumnes de p5, els m\u00e9s grans d&#8217;educaci\u00f3 infantil, que han visitat el centre c\u00edvic de Torreforta per disfrutar de les seves instal\u00b7lacions i veure la representaci\u00f3 del conte &#8220;Les girafes no poden ballar&#8221; per part de les responsables&hellip;  <a href=\"https:\/\/agora.xtec.cat\/escolacampclar\/general\/p5-i-lliga-el-conte-i-passal\/\" title=\"Read P5 i lliga el conte i passa&#8217;l!!\">Llegeix m\u00e9s\u00bb<\/a><\/p>\n","protected":false},"author":14,"featured_media":1554,"comment_status":"open","ping_status":"open","sticky":false,"template":"","format":"standard","meta":{"_bbp_topic_count":0,"_bbp_reply_count":0,"_bbp_total_topic_count":0,"_bbp_total_reply_count":0,"_bbp_voice_count":0,"_bbp_anonymous_reply_count":0,"_bbp_topic_count_hidden":0,"_bbp_reply_count_hidden":0,"_bbp_forum_subforum_count":0,"footnotes":""},"categories":[59,1],"tags":[73,70,44,55,168],"class_list":["post-1553","post","type-post","status-publish","format-standard","has-post-thumbnail","hentry","category-infantil","category-general","tag-biblioteca","tag-centre-civic","tag-escola-campclar","tag-tarragona","tag-torreforta"],"post_mailing_queue_ids":[],"_links":{"self":[{"href":"https:\/\/agora.xtec.cat\/escolacampclar\/wp-json\/wp\/v2\/posts\/1553","targetHints":{"allow":["GET"]}}],"collection":[{"href":"https:\/\/agora.xtec.cat\/escolacampclar\/wp-json\/wp\/v2\/posts"}],"about":[{"href":"https:\/\/agora.xtec.cat\/escolacampclar\/wp-json\/wp\/v2\/types\/post"}],"author":[{"embeddable":true,"href":"https:\/\/agora.xtec.cat\/escolacampclar\/wp-json\/wp\/v2\/users\/14"}],"replies":[{"embeddable":true,"href":"https:\/\/agora.xtec.cat\/escolacampclar\/wp-json\/wp\/v2\/comments?post=1553"}],"version-history":[{"count":1,"href":"https:\/\/agora.xtec.cat\/escolacampclar\/wp-json\/wp\/v2\/posts\/1553\/revisions"}],"predecessor-version":[{"id":1555,"href":"https:\/\/agora.xtec.cat\/escolacampclar\/wp-json\/wp\/v2\/posts\/1553\/revisions\/1555"}],"wp:featuredmedia":[{"embeddable":true,"href":"https:\/\/agora.xtec.cat\/escolacampclar\/wp-json\/wp\/v2\/media\/1554"}],"wp:attachment":[{"href":"https:\/\/agora.xtec.cat\/escolacampclar\/wp-json\/wp\/v2\/media?parent=1553"}],"wp:term":[{"taxonomy":"category","embeddable":true,"href":"https:\/\/agora.xtec.cat\/escolacampclar\/wp-json\/wp\/v2\/categories?post=1553"},{"taxonomy":"post_tag","embeddable":true,"href":"https:\/\/agora.xtec.cat\/escolacampclar\/wp-json\/wp\/v2\/tags?post=1553"}],"curies":[{"name":"wp","href":"https:\/\/api.w.org\/{rel}","templated":true}]}}