{"id":1550,"date":"2017-02-21T11:46:19","date_gmt":"2017-02-21T10:46:19","guid":{"rendered":"http:\/\/agora.xtec.cat\/escolacampclar\/?p=1550"},"modified":"2017-02-21T11:46:19","modified_gmt":"2017-02-21T10:46:19","slug":"visita-al-centre-civic-de-p3-i-p4","status":"publish","type":"post","link":"https:\/\/agora.xtec.cat\/escolacampclar\/general\/visita-al-centre-civic-de-p3-i-p4\/","title":{"rendered":"Visita al centre c\u00edvic de p3 i p4"},"content":{"rendered":"<p>Els alumnes de p3 i p4 han visitat el centre c\u00edvic de Torreforta dins de l&#8217;activitat &#8220;Lliga el conte i passa&#8217;l&#8221;. Durant la visita hem pogut disfrutar de les instal\u00b7lacions del centre, una bona estona a la ludoteca, plena de joguines i contes per xalar!<\/p>\n<p>L&#8217;altra part de la visita consistia en la representaci\u00f3 del conte &#8220;Les girafes no poden ballar&#8221; per part de les responsables de la biblioteca del centre, els nens i nenes s&#8217;ho han passat d&#8217;all\u00f2 m\u00e9s b\u00e9!<\/p>\n<p><a href=\"https:\/\/drive.google.com\/open?id=0B4n4fVJE2fdrLU9sUnVzcF9sNk0\">En aquest enlla\u00e7 podeu veure un recull d&#8217;imatges!<\/a><\/p>\n","protected":false},"excerpt":{"rendered":"<p>Els alumnes de p3 i p4 han visitat el centre c\u00edvic de Torreforta dins de l&#8217;activitat &#8220;Lliga el conte i passa&#8217;l&#8221;. Durant la visita hem pogut disfrutar de les instal\u00b7lacions del centre, una bona estona a la ludoteca, plena de joguines i contes per xalar!<br \/>\nL&#8217;altra&hellip;  <a href=\"https:\/\/agora.xtec.cat\/escolacampclar\/general\/visita-al-centre-civic-de-p3-i-p4\/\" title=\"Read Visita al centre c\u00edvic de p3 i p4\">Llegeix m\u00e9s\u00bb<\/a><\/p>\n","protected":false},"author":14,"featured_media":1551,"comment_status":"open","ping_status":"open","sticky":false,"template":"","format":"standard","meta":{"_bbp_topic_count":0,"_bbp_reply_count":0,"_bbp_total_topic_count":0,"_bbp_total_reply_count":0,"_bbp_voice_count":0,"_bbp_anonymous_reply_count":0,"_bbp_topic_count_hidden":0,"_bbp_reply_count_hidden":0,"_bbp_forum_subforum_count":0,"footnotes":""},"categories":[59,1],"tags":[73,70,44,167],"class_list":["post-1550","post","type-post","status-publish","format-standard","has-post-thumbnail","hentry","category-infantil","category-general","tag-biblioteca","tag-centre-civic","tag-escola-campclar","tag-lliga-el-conte-i-passal"],"post_mailing_queue_ids":[],"_links":{"self":[{"href":"https:\/\/agora.xtec.cat\/escolacampclar\/wp-json\/wp\/v2\/posts\/1550","targetHints":{"allow":["GET"]}}],"collection":[{"href":"https:\/\/agora.xtec.cat\/escolacampclar\/wp-json\/wp\/v2\/posts"}],"about":[{"href":"https:\/\/agora.xtec.cat\/escolacampclar\/wp-json\/wp\/v2\/types\/post"}],"author":[{"embeddable":true,"href":"https:\/\/agora.xtec.cat\/escolacampclar\/wp-json\/wp\/v2\/users\/14"}],"replies":[{"embeddable":true,"href":"https:\/\/agora.xtec.cat\/escolacampclar\/wp-json\/wp\/v2\/comments?post=1550"}],"version-history":[{"count":1,"href":"https:\/\/agora.xtec.cat\/escolacampclar\/wp-json\/wp\/v2\/posts\/1550\/revisions"}],"predecessor-version":[{"id":1552,"href":"https:\/\/agora.xtec.cat\/escolacampclar\/wp-json\/wp\/v2\/posts\/1550\/revisions\/1552"}],"wp:featuredmedia":[{"embeddable":true,"href":"https:\/\/agora.xtec.cat\/escolacampclar\/wp-json\/wp\/v2\/media\/1551"}],"wp:attachment":[{"href":"https:\/\/agora.xtec.cat\/escolacampclar\/wp-json\/wp\/v2\/media?parent=1550"}],"wp:term":[{"taxonomy":"category","embeddable":true,"href":"https:\/\/agora.xtec.cat\/escolacampclar\/wp-json\/wp\/v2\/categories?post=1550"},{"taxonomy":"post_tag","embeddable":true,"href":"https:\/\/agora.xtec.cat\/escolacampclar\/wp-json\/wp\/v2\/tags?post=1550"}],"curies":[{"name":"wp","href":"https:\/\/api.w.org\/{rel}","templated":true}]}}