{"id":1536,"date":"2017-02-13T18:05:01","date_gmt":"2017-02-13T17:05:01","guid":{"rendered":"http:\/\/agora.xtec.cat\/escolacampclar\/?p=1536"},"modified":"2017-02-13T18:05:01","modified_gmt":"2017-02-13T17:05:01","slug":"les-amistats-estan-fetes-de-trossets","status":"publish","type":"post","link":"https:\/\/agora.xtec.cat\/escolacampclar\/general\/les-amistats-estan-fetes-de-trossets\/","title":{"rendered":"Les amistats estan fetes de trossets"},"content":{"rendered":"<p>Durant aquests dies els alumnes de 5\u00e8B estem treballant l&#8217;amistat i la implicaci\u00f3. A partir del text <em>Les amistats estan fetes de trossets<\/em> de l&#8217;Antoine de Saint-Exup\u00e9ry, extret de l&#8217;obra <em>El petit pr\u00edncep<\/em>. Els alumnes vam reflexionar sobre la import\u00e0ncia de tenir amics i de gaudir dels petits moments junts fent activitats on la implicaci\u00f3 de tots \u00e9s necess\u00e0ria per un projecte com\u00fa.<\/p>\n<p>Gaudiu i valoreu molt els vostres amics, sempre.<\/p>\n<p>S\u00f3n els nostres millors tresors.<\/p>\n<p>Saint-Exup\u00e9ry diu: &#8220;El temps que vas perdre per la teva rosa \u00e9s el que la fa tan important&#8221;. El temps que &#8220;perdem amb cada amic fa que cada amic sigui tan important. Perqu\u00e8 el temps &#8220;perdut&#8221; amb amics \u00e9s temps guanyat, aprofitat i viscut. S\u00f3n records per a cinc minuts despr\u00e9s, per a dins d&#8217;un any o per a sempre.<\/p>\n<p><a href=\"https:\/\/drive.google.com\/drive\/folders\/0B4n4fVJE2fdrNVk2ajlicEdoOHM?usp=sharing\">En aquest enlla\u00e7 pots veure imatges del nostre treball.<\/a><\/p>\n","protected":false},"excerpt":{"rendered":"<p>Durant aquests dies els alumnes de 5\u00e8B estem treballant l&#8217;amistat i la implicaci\u00f3. A partir del text Les amistats estan fetes de trossets de l&#8217;Antoine de Saint-Exup\u00e9ry, extret de l&#8217;obra El petit pr\u00edncep. Els alumnes vam reflexionar sobre la import\u00e0ncia de tenir amics i de&hellip;  <a href=\"https:\/\/agora.xtec.cat\/escolacampclar\/general\/les-amistats-estan-fetes-de-trossets\/\" title=\"Read Les amistats estan fetes de trossets\">Llegeix m\u00e9s\u00bb<\/a><\/p>\n","protected":false},"author":14,"featured_media":1537,"comment_status":"open","ping_status":"open","sticky":false,"template":"","format":"standard","meta":{"_bbp_topic_count":0,"_bbp_reply_count":0,"_bbp_total_topic_count":0,"_bbp_total_reply_count":0,"_bbp_voice_count":0,"_bbp_anonymous_reply_count":0,"_bbp_topic_count_hidden":0,"_bbp_reply_count_hidden":0,"_bbp_forum_subforum_count":0,"footnotes":""},"categories":[26,1],"tags":[156,162,44,163,155],"class_list":["post-1536","post","type-post","status-publish","format-standard","has-post-thumbnail","hentry","category-cicle-superior","category-general","tag-amistat","tag-el-petit-princep","tag-escola-campclar","tag-saint-exupery","tag-valors"],"post_mailing_queue_ids":[],"_links":{"self":[{"href":"https:\/\/agora.xtec.cat\/escolacampclar\/wp-json\/wp\/v2\/posts\/1536","targetHints":{"allow":["GET"]}}],"collection":[{"href":"https:\/\/agora.xtec.cat\/escolacampclar\/wp-json\/wp\/v2\/posts"}],"about":[{"href":"https:\/\/agora.xtec.cat\/escolacampclar\/wp-json\/wp\/v2\/types\/post"}],"author":[{"embeddable":true,"href":"https:\/\/agora.xtec.cat\/escolacampclar\/wp-json\/wp\/v2\/users\/14"}],"replies":[{"embeddable":true,"href":"https:\/\/agora.xtec.cat\/escolacampclar\/wp-json\/wp\/v2\/comments?post=1536"}],"version-history":[{"count":1,"href":"https:\/\/agora.xtec.cat\/escolacampclar\/wp-json\/wp\/v2\/posts\/1536\/revisions"}],"predecessor-version":[{"id":1538,"href":"https:\/\/agora.xtec.cat\/escolacampclar\/wp-json\/wp\/v2\/posts\/1536\/revisions\/1538"}],"wp:featuredmedia":[{"embeddable":true,"href":"https:\/\/agora.xtec.cat\/escolacampclar\/wp-json\/wp\/v2\/media\/1537"}],"wp:attachment":[{"href":"https:\/\/agora.xtec.cat\/escolacampclar\/wp-json\/wp\/v2\/media?parent=1536"}],"wp:term":[{"taxonomy":"category","embeddable":true,"href":"https:\/\/agora.xtec.cat\/escolacampclar\/wp-json\/wp\/v2\/categories?post=1536"},{"taxonomy":"post_tag","embeddable":true,"href":"https:\/\/agora.xtec.cat\/escolacampclar\/wp-json\/wp\/v2\/tags?post=1536"}],"curies":[{"name":"wp","href":"https:\/\/api.w.org\/{rel}","templated":true}]}}