{"id":1529,"date":"2017-02-10T10:45:31","date_gmt":"2017-02-10T09:45:31","guid":{"rendered":"http:\/\/agora.xtec.cat\/escolacampclar\/?p=1529"},"modified":"2017-02-10T10:45:47","modified_gmt":"2017-02-10T09:45:47","slug":"taller-de-break-dance","status":"publish","type":"post","link":"https:\/\/agora.xtec.cat\/escolacampclar\/general\/taller-de-break-dance\/","title":{"rendered":"Taller de Break Dance"},"content":{"rendered":"<p>Amb els alumnes de cicle superior hem iniciat un taller de Break Dance portat a terme pel Fran, el nostre practicant de TIS.<\/p>\n<p>La majoria de nens i nenes havien mostrat molt d&#8217;inter\u00e8s envers aquesta disciplina, per aix\u00f2 hem decidit incorporar diferents sessions per tal de motivar-los i engrescar-los.<\/p>\n<p>L&#8217;objectiu del taller \u00e9s el de pujar l&#8217;autoestima dels nens, dona&#8217;ls-hi confian\u00e7a i seguretat aix\u00ed com millorar l&#8217;esperit de superaci\u00f3.<\/p>\n<p>Fins al moment, els resultats que observem s\u00f3n extraordinaris.<\/p>\n<p><a href=\"https:\/\/drive.google.com\/drive\/folders\/0B4n4fVJE2fdrSUJMUEFROFFkaTg?usp=sharing\">Clica aqu\u00ed per veure les fotos de la primera sessi\u00f3.<\/a><\/p>\n","protected":false},"excerpt":{"rendered":"<p>Amb els alumnes de cicle superior hem iniciat un taller de Break Dance portat a terme pel Fran, el nostre practicant de TIS.<br \/>\nLa majoria de nens i nenes havien mostrat molt d&#8217;inter\u00e8s envers aquesta disciplina, per aix\u00f2 hem decidit incorporar diferents sessions per tal de&hellip;  <a href=\"https:\/\/agora.xtec.cat\/escolacampclar\/general\/taller-de-break-dance\/\" title=\"Read Taller de Break Dance\">Llegeix m\u00e9s\u00bb<\/a><\/p>\n","protected":false},"author":14,"featured_media":1530,"comment_status":"open","ping_status":"open","sticky":false,"template":"","format":"standard","meta":{"_bbp_topic_count":0,"_bbp_reply_count":0,"_bbp_total_topic_count":0,"_bbp_total_reply_count":0,"_bbp_voice_count":0,"_bbp_anonymous_reply_count":0,"_bbp_topic_count_hidden":0,"_bbp_reply_count_hidden":0,"_bbp_forum_subforum_count":0,"footnotes":""},"categories":[26,1],"tags":[160,44],"class_list":["post-1529","post","type-post","status-publish","format-standard","has-post-thumbnail","hentry","category-cicle-superior","category-general","tag-break-dance","tag-escola-campclar"],"post_mailing_queue_ids":[],"_links":{"self":[{"href":"https:\/\/agora.xtec.cat\/escolacampclar\/wp-json\/wp\/v2\/posts\/1529","targetHints":{"allow":["GET"]}}],"collection":[{"href":"https:\/\/agora.xtec.cat\/escolacampclar\/wp-json\/wp\/v2\/posts"}],"about":[{"href":"https:\/\/agora.xtec.cat\/escolacampclar\/wp-json\/wp\/v2\/types\/post"}],"author":[{"embeddable":true,"href":"https:\/\/agora.xtec.cat\/escolacampclar\/wp-json\/wp\/v2\/users\/14"}],"replies":[{"embeddable":true,"href":"https:\/\/agora.xtec.cat\/escolacampclar\/wp-json\/wp\/v2\/comments?post=1529"}],"version-history":[{"count":2,"href":"https:\/\/agora.xtec.cat\/escolacampclar\/wp-json\/wp\/v2\/posts\/1529\/revisions"}],"predecessor-version":[{"id":1532,"href":"https:\/\/agora.xtec.cat\/escolacampclar\/wp-json\/wp\/v2\/posts\/1529\/revisions\/1532"}],"wp:featuredmedia":[{"embeddable":true,"href":"https:\/\/agora.xtec.cat\/escolacampclar\/wp-json\/wp\/v2\/media\/1530"}],"wp:attachment":[{"href":"https:\/\/agora.xtec.cat\/escolacampclar\/wp-json\/wp\/v2\/media?parent=1529"}],"wp:term":[{"taxonomy":"category","embeddable":true,"href":"https:\/\/agora.xtec.cat\/escolacampclar\/wp-json\/wp\/v2\/categories?post=1529"},{"taxonomy":"post_tag","embeddable":true,"href":"https:\/\/agora.xtec.cat\/escolacampclar\/wp-json\/wp\/v2\/tags?post=1529"}],"curies":[{"name":"wp","href":"https:\/\/api.w.org\/{rel}","templated":true}]}}