{"id":1523,"date":"2017-01-31T13:08:58","date_gmt":"2017-01-31T12:08:58","guid":{"rendered":"http:\/\/agora.xtec.cat\/escolacampclar\/?p=1523"},"modified":"2017-01-31T13:08:58","modified_gmt":"2017-01-31T12:08:58","slug":"dia-escolar-de-la-no-violencia-i-de-la-pau","status":"publish","type":"post","link":"https:\/\/agora.xtec.cat\/escolacampclar\/general\/dia-escolar-de-la-no-violencia-i-de-la-pau\/","title":{"rendered":"Dia escolar de la no viol\u00e8ncia i de la pau"},"content":{"rendered":"<p>Com cada any, el 30 de gener l&#8217;escola es mobilitza per celebrar el <em>Dia escolar de la no viol\u00e8ncia i de la pau.<\/em><\/p>\n<p>Durant els dies previs hem escrit missatges de pau que han decorat els nostres passadissos. La cirereta del past\u00eds ha estat la festa de la tarda del dilluns on totes les classes han llegit un manifest per la pau i els alumnes de 6\u00e8 ens han obsequiat amb una emocioant versi\u00f3 de la can\u00e7\u00f3 <em>Hallelujah\u00a0<\/em>de Leonard Cohen.<\/p>\n<p><a href=\"https:\/\/drive.google.com\/drive\/folders\/0B4n4fVJE2fdrcVVmNGJOVTZFbU0?usp=sharing\">Us deixem algunes imatges de la jornada. Desitjem que us agradin.<\/a><\/p>\n","protected":false},"excerpt":{"rendered":"<p>Com cada any, el 30 de gener l&#8217;escola es mobilitza per celebrar el Dia escolar de la no viol\u00e8ncia i de la pau.<br \/>\nDurant els dies previs hem escrit missatges de pau que han decorat els nostres passadissos. La cirereta del past\u00eds ha estat la festa&hellip;  <a href=\"https:\/\/agora.xtec.cat\/escolacampclar\/general\/dia-escolar-de-la-no-violencia-i-de-la-pau\/\" title=\"Read Dia escolar de la no viol\u00e8ncia i de la pau\">Llegeix m\u00e9s\u00bb<\/a><\/p>\n","protected":false},"author":14,"featured_media":1524,"comment_status":"open","ping_status":"open","sticky":false,"template":"","format":"standard","meta":{"_bbp_topic_count":0,"_bbp_reply_count":0,"_bbp_total_topic_count":0,"_bbp_total_reply_count":0,"_bbp_voice_count":0,"_bbp_anonymous_reply_count":0,"_bbp_topic_count_hidden":0,"_bbp_reply_count_hidden":0,"_bbp_forum_subforum_count":0,"footnotes":""},"categories":[24,25,26,59,29,1],"tags":[159,158,44],"class_list":["post-1523","post","type-post","status-publish","format-standard","has-post-thumbnail","hentry","category-cicle-inicial","category-cicle-mitja","category-cicle-superior","category-infantil","category-festes","category-general","tag-denip","tag-dia-de-la-pau","tag-escola-campclar"],"post_mailing_queue_ids":[],"_links":{"self":[{"href":"https:\/\/agora.xtec.cat\/escolacampclar\/wp-json\/wp\/v2\/posts\/1523","targetHints":{"allow":["GET"]}}],"collection":[{"href":"https:\/\/agora.xtec.cat\/escolacampclar\/wp-json\/wp\/v2\/posts"}],"about":[{"href":"https:\/\/agora.xtec.cat\/escolacampclar\/wp-json\/wp\/v2\/types\/post"}],"author":[{"embeddable":true,"href":"https:\/\/agora.xtec.cat\/escolacampclar\/wp-json\/wp\/v2\/users\/14"}],"replies":[{"embeddable":true,"href":"https:\/\/agora.xtec.cat\/escolacampclar\/wp-json\/wp\/v2\/comments?post=1523"}],"version-history":[{"count":1,"href":"https:\/\/agora.xtec.cat\/escolacampclar\/wp-json\/wp\/v2\/posts\/1523\/revisions"}],"predecessor-version":[{"id":1525,"href":"https:\/\/agora.xtec.cat\/escolacampclar\/wp-json\/wp\/v2\/posts\/1523\/revisions\/1525"}],"wp:featuredmedia":[{"embeddable":true,"href":"https:\/\/agora.xtec.cat\/escolacampclar\/wp-json\/wp\/v2\/media\/1524"}],"wp:attachment":[{"href":"https:\/\/agora.xtec.cat\/escolacampclar\/wp-json\/wp\/v2\/media?parent=1523"}],"wp:term":[{"taxonomy":"category","embeddable":true,"href":"https:\/\/agora.xtec.cat\/escolacampclar\/wp-json\/wp\/v2\/categories?post=1523"},{"taxonomy":"post_tag","embeddable":true,"href":"https:\/\/agora.xtec.cat\/escolacampclar\/wp-json\/wp\/v2\/tags?post=1523"}],"curies":[{"name":"wp","href":"https:\/\/api.w.org\/{rel}","templated":true}]}}