{"id":1520,"date":"2017-01-31T12:57:16","date_gmt":"2017-01-31T11:57:16","guid":{"rendered":"http:\/\/agora.xtec.cat\/escolacampclar\/?p=1520"},"modified":"2017-01-31T12:57:16","modified_gmt":"2017-01-31T11:57:16","slug":"visita-al-museu-arqueologic-de-tarragona","status":"publish","type":"post","link":"https:\/\/agora.xtec.cat\/escolacampclar\/general\/visita-al-museu-arqueologic-de-tarragona\/","title":{"rendered":"Visita al Museu Arqueol\u00f2gic de Tarragona"},"content":{"rendered":"<p>En aquest article pots gaudir de les imatges dels alumnes de 5\u00e8 en la seva visita al Museu Arqueol\u00f2gic de Tarragona.<\/p>\n<p>L&#8217;experi\u00e8ncia va ser molt gratificant.<\/p>\n<p><a href=\"https:\/\/drive.google.com\/drive\/folders\/0B4n4fVJE2fdrcVNPVGVRMFlsaEk?usp=sharing\">Clica aqu\u00ed si vols veure les imatges.<\/a><\/p>\n","protected":false},"excerpt":{"rendered":"<p>En aquest article pots gaudir de les imatges dels alumnes de 5\u00e8 en la seva visita al Museu Arqueol\u00f2gic de Tarragona.<br \/>\nL&#8217;experi\u00e8ncia va ser molt gratificant.<br \/>\n<a href=\"https:\/\/drive.google.com\/drive\/folders\/0B4n4fVJE2fdrcVNPVGVRMFlsaEk?usp=sharing\">Clica aqu\u00ed si vols veure les imatges.<\/a><\/p>\n","protected":false},"author":14,"featured_media":1521,"comment_status":"open","ping_status":"open","sticky":false,"template":"","format":"standard","meta":{"_bbp_topic_count":0,"_bbp_reply_count":0,"_bbp_total_topic_count":0,"_bbp_total_reply_count":0,"_bbp_voice_count":0,"_bbp_anonymous_reply_count":0,"_bbp_topic_count_hidden":0,"_bbp_reply_count_hidden":0,"_bbp_forum_subforum_count":0,"footnotes":""},"categories":[26,1],"tags":[],"class_list":["post-1520","post","type-post","status-publish","format-standard","has-post-thumbnail","hentry","category-cicle-superior","category-general"],"post_mailing_queue_ids":[],"_links":{"self":[{"href":"https:\/\/agora.xtec.cat\/escolacampclar\/wp-json\/wp\/v2\/posts\/1520","targetHints":{"allow":["GET"]}}],"collection":[{"href":"https:\/\/agora.xtec.cat\/escolacampclar\/wp-json\/wp\/v2\/posts"}],"about":[{"href":"https:\/\/agora.xtec.cat\/escolacampclar\/wp-json\/wp\/v2\/types\/post"}],"author":[{"embeddable":true,"href":"https:\/\/agora.xtec.cat\/escolacampclar\/wp-json\/wp\/v2\/users\/14"}],"replies":[{"embeddable":true,"href":"https:\/\/agora.xtec.cat\/escolacampclar\/wp-json\/wp\/v2\/comments?post=1520"}],"version-history":[{"count":1,"href":"https:\/\/agora.xtec.cat\/escolacampclar\/wp-json\/wp\/v2\/posts\/1520\/revisions"}],"predecessor-version":[{"id":1522,"href":"https:\/\/agora.xtec.cat\/escolacampclar\/wp-json\/wp\/v2\/posts\/1520\/revisions\/1522"}],"wp:featuredmedia":[{"embeddable":true,"href":"https:\/\/agora.xtec.cat\/escolacampclar\/wp-json\/wp\/v2\/media\/1521"}],"wp:attachment":[{"href":"https:\/\/agora.xtec.cat\/escolacampclar\/wp-json\/wp\/v2\/media?parent=1520"}],"wp:term":[{"taxonomy":"category","embeddable":true,"href":"https:\/\/agora.xtec.cat\/escolacampclar\/wp-json\/wp\/v2\/categories?post=1520"},{"taxonomy":"post_tag","embeddable":true,"href":"https:\/\/agora.xtec.cat\/escolacampclar\/wp-json\/wp\/v2\/tags?post=1520"}],"curies":[{"name":"wp","href":"https:\/\/api.w.org\/{rel}","templated":true}]}}