{"id":1514,"date":"2017-01-18T11:51:47","date_gmt":"2017-01-18T10:51:47","guid":{"rendered":"http:\/\/agora.xtec.cat\/escolacampclar\/?p=1514"},"modified":"2017-01-18T11:51:47","modified_gmt":"2017-01-18T10:51:47","slug":"realitat-augmentada-a-infantil","status":"publish","type":"post","link":"https:\/\/agora.xtec.cat\/escolacampclar\/general\/realitat-augmentada-a-infantil\/","title":{"rendered":"Realitat augmentada a infantil!"},"content":{"rendered":"<p>Els alumnes d&#8217;educaci\u00f3 infantil han estat gravant uns v\u00eddeos del taller d&#8217;expressi\u00f3 oral amb dispositius m\u00f2bils.<\/p>\n<p>Utilitzant l&#8217;app Quiver han pogut veure com els seus dibuixos cobraven vida i han explicat qu\u00e8 els ha semblat!<\/p>\n<p><a href=\"https:\/\/drive.google.com\/open?id=0B_hSY_BkOs75Ync4WGpHeU5zUmM\">Clica aqu\u00ed i podreu veure els v\u00eddeos de cada alumne!\u00a0<\/a><\/p>\n","protected":false},"excerpt":{"rendered":"<p>Els alumnes d&#8217;educaci\u00f3 infantil han estat gravant uns v\u00eddeos del taller d&#8217;expressi\u00f3 oral amb dispositius m\u00f2bils.<br \/>\nUtilitzant l&#8217;app Quiver han pogut veure com els seus dibuixos cobraven vida i han explicat qu\u00e8 els ha semblat!<br \/>\n<a href=\"https:\/\/drive.google.com\/open?id=0B_hSY_BkOs75Ync4WGpHeU5zUmM\">Clica aqu\u00ed i podreu veure els v\u00eddeos de cada alumne!\u00a0<\/a><\/p>\n","protected":false},"author":14,"featured_media":1452,"comment_status":"open","ping_status":"open","sticky":false,"template":"","format":"standard","meta":{"_bbp_topic_count":0,"_bbp_reply_count":0,"_bbp_total_topic_count":0,"_bbp_total_reply_count":0,"_bbp_voice_count":0,"_bbp_anonymous_reply_count":0,"_bbp_topic_count_hidden":0,"_bbp_reply_count_hidden":0,"_bbp_forum_subforum_count":0,"footnotes":""},"categories":[59,1],"tags":[147,98,136,54],"class_list":["post-1514","post","type-post","status-publish","format-standard","has-post-thumbnail","hentry","category-infantil","category-general","tag-dispositius-mobils","tag-infantil","tag-tablets","tag-tallers"],"post_mailing_queue_ids":[],"_links":{"self":[{"href":"https:\/\/agora.xtec.cat\/escolacampclar\/wp-json\/wp\/v2\/posts\/1514","targetHints":{"allow":["GET"]}}],"collection":[{"href":"https:\/\/agora.xtec.cat\/escolacampclar\/wp-json\/wp\/v2\/posts"}],"about":[{"href":"https:\/\/agora.xtec.cat\/escolacampclar\/wp-json\/wp\/v2\/types\/post"}],"author":[{"embeddable":true,"href":"https:\/\/agora.xtec.cat\/escolacampclar\/wp-json\/wp\/v2\/users\/14"}],"replies":[{"embeddable":true,"href":"https:\/\/agora.xtec.cat\/escolacampclar\/wp-json\/wp\/v2\/comments?post=1514"}],"version-history":[{"count":1,"href":"https:\/\/agora.xtec.cat\/escolacampclar\/wp-json\/wp\/v2\/posts\/1514\/revisions"}],"predecessor-version":[{"id":1515,"href":"https:\/\/agora.xtec.cat\/escolacampclar\/wp-json\/wp\/v2\/posts\/1514\/revisions\/1515"}],"wp:featuredmedia":[{"embeddable":true,"href":"https:\/\/agora.xtec.cat\/escolacampclar\/wp-json\/wp\/v2\/media\/1452"}],"wp:attachment":[{"href":"https:\/\/agora.xtec.cat\/escolacampclar\/wp-json\/wp\/v2\/media?parent=1514"}],"wp:term":[{"taxonomy":"category","embeddable":true,"href":"https:\/\/agora.xtec.cat\/escolacampclar\/wp-json\/wp\/v2\/categories?post=1514"},{"taxonomy":"post_tag","embeddable":true,"href":"https:\/\/agora.xtec.cat\/escolacampclar\/wp-json\/wp\/v2\/tags?post=1514"}],"curies":[{"name":"wp","href":"https:\/\/api.w.org\/{rel}","templated":true}]}}