{"id":1503,"date":"2017-01-13T18:00:01","date_gmt":"2017-01-13T17:00:01","guid":{"rendered":"http:\/\/agora.xtec.cat\/escolacampclar\/?p=1503"},"modified":"2017-01-13T18:28:13","modified_gmt":"2017-01-13T17:28:13","slug":"siluetes-per-lamistat-i-lamabilitat","status":"publish","type":"post","link":"https:\/\/agora.xtec.cat\/escolacampclar\/general\/siluetes-per-lamistat-i-lamabilitat\/","title":{"rendered":"Siluetes per l&#8217;amistat i l&#8217;amabilitat"},"content":{"rendered":"<p>Durant aquesta setmana els alumnes de 5\u00e8B han treballat el valors de l&#8217;amistat i l&#8217;amabilitat. Cada alumne ha creat la seva silueta amb l&#8217;ajuda dels companys. Totes les siluetes s\u00f3n \u00faniques com nosaltres i porten missatges d&#8217;an\u00e8cdotes i desitjos de tots els companys.<\/p>\n<p>Felicitats per la vostra feina i esfor\u00e7!<\/p>\n<p><a href=\"https:\/\/drive.google.com\/folderview?id=0B4n4fVJE2fdrNnRGMl9UQWlsZXc\">Cliqueu aqu\u00ed si voleu veure les imatges<\/a><\/p>\n","protected":false},"excerpt":{"rendered":"<p>Durant aquesta setmana els alumnes de 5\u00e8B han treballat el valors de l&#8217;amistat i l&#8217;amabilitat. Cada alumne ha creat la seva silueta amb l&#8217;ajuda dels companys. Totes les siluetes s\u00f3n \u00faniques com nosaltres i porten missatges d&#8217;an\u00e8cdotes i desitjos de tots els companys.<br \/>\nFelicitats per la&hellip;  <a href=\"https:\/\/agora.xtec.cat\/escolacampclar\/general\/siluetes-per-lamistat-i-lamabilitat\/\" title=\"Read Siluetes per l&#8217;amistat i l&#8217;amabilitat\">Llegeix m\u00e9s\u00bb<\/a><\/p>\n","protected":false},"author":14,"featured_media":1510,"comment_status":"open","ping_status":"open","sticky":false,"template":"","format":"standard","meta":{"_bbp_topic_count":0,"_bbp_reply_count":0,"_bbp_total_topic_count":0,"_bbp_total_reply_count":0,"_bbp_voice_count":0,"_bbp_anonymous_reply_count":0,"_bbp_topic_count_hidden":0,"_bbp_reply_count_hidden":0,"_bbp_forum_subforum_count":0,"footnotes":""},"categories":[26,1],"tags":[156,44,155],"class_list":["post-1503","post","type-post","status-publish","format-standard","has-post-thumbnail","hentry","category-cicle-superior","category-general","tag-amistat","tag-escola-campclar","tag-valors"],"post_mailing_queue_ids":[],"_links":{"self":[{"href":"https:\/\/agora.xtec.cat\/escolacampclar\/wp-json\/wp\/v2\/posts\/1503","targetHints":{"allow":["GET"]}}],"collection":[{"href":"https:\/\/agora.xtec.cat\/escolacampclar\/wp-json\/wp\/v2\/posts"}],"about":[{"href":"https:\/\/agora.xtec.cat\/escolacampclar\/wp-json\/wp\/v2\/types\/post"}],"author":[{"embeddable":true,"href":"https:\/\/agora.xtec.cat\/escolacampclar\/wp-json\/wp\/v2\/users\/14"}],"replies":[{"embeddable":true,"href":"https:\/\/agora.xtec.cat\/escolacampclar\/wp-json\/wp\/v2\/comments?post=1503"}],"version-history":[{"count":1,"href":"https:\/\/agora.xtec.cat\/escolacampclar\/wp-json\/wp\/v2\/posts\/1503\/revisions"}],"predecessor-version":[{"id":1505,"href":"https:\/\/agora.xtec.cat\/escolacampclar\/wp-json\/wp\/v2\/posts\/1503\/revisions\/1505"}],"wp:featuredmedia":[{"embeddable":true,"href":"https:\/\/agora.xtec.cat\/escolacampclar\/wp-json\/wp\/v2\/media\/1510"}],"wp:attachment":[{"href":"https:\/\/agora.xtec.cat\/escolacampclar\/wp-json\/wp\/v2\/media?parent=1503"}],"wp:term":[{"taxonomy":"category","embeddable":true,"href":"https:\/\/agora.xtec.cat\/escolacampclar\/wp-json\/wp\/v2\/categories?post=1503"},{"taxonomy":"post_tag","embeddable":true,"href":"https:\/\/agora.xtec.cat\/escolacampclar\/wp-json\/wp\/v2\/tags?post=1503"}],"curies":[{"name":"wp","href":"https:\/\/api.w.org\/{rel}","templated":true}]}}