{"id":1497,"date":"2016-12-21T12:49:37","date_gmt":"2016-12-21T11:49:37","guid":{"rendered":"http:\/\/agora.xtec.cat\/escolacampclar\/?p=1497"},"modified":"2016-12-21T12:53:30","modified_gmt":"2016-12-21T11:53:30","slug":"nadala-tac12-3r","status":"publish","type":"post","link":"https:\/\/agora.xtec.cat\/escolacampclar\/general\/nadala-tac12-3r\/","title":{"rendered":"NADALA TAC12 3r"},"content":{"rendered":"<p>&nbsp;<\/p>\n<p>Aqu\u00ed est\u00e0 el video de la nadala que van gravar al TAC12 els nens i nenes de 3r. Han sortit molt b\u00e9!!!<\/p>\n<p><iframe loading=\"lazy\" id=\"iframe_chapter\" src=\"http:\/\/tac12.xiptv.cat\/embed\/282134?width=778&amp;iframe_width=800&amp;share=&amp;height=438&amp;iframe_height=484\" name=\"iframe_chapter\" width=\"800\" height=\"484\" frameborder=\"0\" scrolling=\"no\"><\/iframe><\/p>\n","protected":false},"excerpt":{"rendered":"<p>&nbsp;<br \/>\nAqu\u00ed est\u00e0 el video de la nadala que van gravar al TAC12 els nens i nenes de 3r. Han sortit molt b\u00e9!!!<\/p>\n","protected":false},"author":14,"featured_media":0,"comment_status":"open","ping_status":"open","sticky":false,"template":"","format":"standard","meta":{"_bbp_topic_count":0,"_bbp_reply_count":0,"_bbp_total_topic_count":0,"_bbp_total_reply_count":0,"_bbp_voice_count":0,"_bbp_anonymous_reply_count":0,"_bbp_topic_count_hidden":0,"_bbp_reply_count_hidden":0,"_bbp_forum_subforum_count":0,"footnotes":""},"categories":[25,1,31],"tags":[100,154,37,44,152,151],"class_list":["post-1497","post","type-post","status-publish","format-standard","hentry","category-cicle-mitja","category-general","category-musica","tag-3r","tag-cap-a-betlem-van-dos-minyons","tag-cicle-mitja-2","tag-escola-campclar","tag-nadales","tag-tac12"],"post_mailing_queue_ids":[],"_links":{"self":[{"href":"https:\/\/agora.xtec.cat\/escolacampclar\/wp-json\/wp\/v2\/posts\/1497","targetHints":{"allow":["GET"]}}],"collection":[{"href":"https:\/\/agora.xtec.cat\/escolacampclar\/wp-json\/wp\/v2\/posts"}],"about":[{"href":"https:\/\/agora.xtec.cat\/escolacampclar\/wp-json\/wp\/v2\/types\/post"}],"author":[{"embeddable":true,"href":"https:\/\/agora.xtec.cat\/escolacampclar\/wp-json\/wp\/v2\/users\/14"}],"replies":[{"embeddable":true,"href":"https:\/\/agora.xtec.cat\/escolacampclar\/wp-json\/wp\/v2\/comments?post=1497"}],"version-history":[{"count":3,"href":"https:\/\/agora.xtec.cat\/escolacampclar\/wp-json\/wp\/v2\/posts\/1497\/revisions"}],"predecessor-version":[{"id":1502,"href":"https:\/\/agora.xtec.cat\/escolacampclar\/wp-json\/wp\/v2\/posts\/1497\/revisions\/1502"}],"wp:attachment":[{"href":"https:\/\/agora.xtec.cat\/escolacampclar\/wp-json\/wp\/v2\/media?parent=1497"}],"wp:term":[{"taxonomy":"category","embeddable":true,"href":"https:\/\/agora.xtec.cat\/escolacampclar\/wp-json\/wp\/v2\/categories?post=1497"},{"taxonomy":"post_tag","embeddable":true,"href":"https:\/\/agora.xtec.cat\/escolacampclar\/wp-json\/wp\/v2\/tags?post=1497"}],"curies":[{"name":"wp","href":"https:\/\/api.w.org\/{rel}","templated":true}]}}