{"id":1490,"date":"2016-12-15T13:34:41","date_gmt":"2016-12-15T12:34:41","guid":{"rendered":"http:\/\/agora.xtec.cat\/escolacampclar\/?p=1490"},"modified":"2016-12-15T13:34:41","modified_gmt":"2016-12-15T12:34:41","slug":"tac12","status":"publish","type":"post","link":"https:\/\/agora.xtec.cat\/escolacampclar\/general\/tac12\/","title":{"rendered":"TAC12"},"content":{"rendered":"<p>Els alumnes de 3r de Prim\u00e0ria hem anat avui al TAC12 a gravar la nadala que hem preparat durant aquest trimestre i ens ho hem passat molt b\u00e9! Aqu\u00ed us deixem algunes <a href=\"https:\/\/drive.google.com\/open?id=0B4n4fVJE2fdrTGo4Rnp3QXA4eG8\">fotos<\/a> i m\u00e9s endavant penjarem el v\u00eddeo perqu\u00e8 tothom el pugui veure.<\/p>\n","protected":false},"excerpt":{"rendered":"<p>Els alumnes de 3r de Prim\u00e0ria hem anat avui al TAC12 a gravar la nadala que hem preparat durant aquest trimestre i ens ho hem passat molt b\u00e9! Aqu\u00ed us deixem algunes <a href=\"https:\/\/drive.google.com\/open?id=0B4n4fVJE2fdrTGo4Rnp3QXA4eG8\">fotos<\/a> i m\u00e9s endavant penjarem el v\u00eddeo perqu\u00e8 tothom el pugui veure.<\/p>\n","protected":false},"author":14,"featured_media":1491,"comment_status":"open","ping_status":"open","sticky":false,"template":"","format":"standard","meta":{"_bbp_topic_count":0,"_bbp_reply_count":0,"_bbp_total_topic_count":0,"_bbp_total_reply_count":0,"_bbp_voice_count":0,"_bbp_anonymous_reply_count":0,"_bbp_topic_count_hidden":0,"_bbp_reply_count_hidden":0,"_bbp_forum_subforum_count":0,"footnotes":""},"categories":[25,1,31],"tags":[100,37,44,69,152,16,151],"class_list":["post-1490","post","type-post","status-publish","format-standard","has-post-thumbnail","hentry","category-cicle-mitja","category-general","category-musica","tag-3r","tag-cicle-mitja-2","tag-escola-campclar","tag-musica","tag-nadales","tag-sortides","tag-tac12"],"post_mailing_queue_ids":[],"_links":{"self":[{"href":"https:\/\/agora.xtec.cat\/escolacampclar\/wp-json\/wp\/v2\/posts\/1490","targetHints":{"allow":["GET"]}}],"collection":[{"href":"https:\/\/agora.xtec.cat\/escolacampclar\/wp-json\/wp\/v2\/posts"}],"about":[{"href":"https:\/\/agora.xtec.cat\/escolacampclar\/wp-json\/wp\/v2\/types\/post"}],"author":[{"embeddable":true,"href":"https:\/\/agora.xtec.cat\/escolacampclar\/wp-json\/wp\/v2\/users\/14"}],"replies":[{"embeddable":true,"href":"https:\/\/agora.xtec.cat\/escolacampclar\/wp-json\/wp\/v2\/comments?post=1490"}],"version-history":[{"count":1,"href":"https:\/\/agora.xtec.cat\/escolacampclar\/wp-json\/wp\/v2\/posts\/1490\/revisions"}],"predecessor-version":[{"id":1492,"href":"https:\/\/agora.xtec.cat\/escolacampclar\/wp-json\/wp\/v2\/posts\/1490\/revisions\/1492"}],"wp:featuredmedia":[{"embeddable":true,"href":"https:\/\/agora.xtec.cat\/escolacampclar\/wp-json\/wp\/v2\/media\/1491"}],"wp:attachment":[{"href":"https:\/\/agora.xtec.cat\/escolacampclar\/wp-json\/wp\/v2\/media?parent=1490"}],"wp:term":[{"taxonomy":"category","embeddable":true,"href":"https:\/\/agora.xtec.cat\/escolacampclar\/wp-json\/wp\/v2\/categories?post=1490"},{"taxonomy":"post_tag","embeddable":true,"href":"https:\/\/agora.xtec.cat\/escolacampclar\/wp-json\/wp\/v2\/tags?post=1490"}],"curies":[{"name":"wp","href":"https:\/\/api.w.org\/{rel}","templated":true}]}}