{"id":1483,"date":"2016-12-14T09:08:53","date_gmt":"2016-12-14T08:08:53","guid":{"rendered":"http:\/\/agora.xtec.cat\/escolacampclar\/?p=1483"},"modified":"2016-12-14T09:08:53","modified_gmt":"2016-12-14T08:08:53","slug":"els-pastorets-del-ferrer-magi-2","status":"publish","type":"post","link":"https:\/\/agora.xtec.cat\/escolacampclar\/general\/els-pastorets-del-ferrer-magi-2\/","title":{"rendered":"Els Pastorets del Ferrer Mag\u00ed"},"content":{"rendered":"<p>En el seg\u00fcent enlla\u00e7 podr\u00e0s veure alguna de les fotos de la genial representaci\u00f3 dels alumnes de 6\u00e8 d&#8217;<em>Els Pastorets del Ferrer Mag\u00ed.<\/em><\/p>\n<p>Com sempre, l&#8217;obra dirigida per l&#8217;Enriqueta Torres, ha sigut un \u00e8xit total.<\/p>\n<p><a href=\"https:\/\/drive.google.com\/drive\/folders\/0B4n4fVJE2fdrUnc1YldqaDdXTzg?usp=sharing\">Els Pastorets del Ferrer Mag\u00ed<\/a><\/p>\n","protected":false},"excerpt":{"rendered":"<p>En el seg\u00fcent enlla\u00e7 podr\u00e0s veure alguna de les fotos de la genial representaci\u00f3 dels alumnes de 6\u00e8 d&#8217;Els Pastorets del Ferrer Mag\u00ed.<br \/>\nCom sempre, l&#8217;obra dirigida per l&#8217;Enriqueta Torres, ha sigut un \u00e8xit total.<br \/>\n<a href=\"https:\/\/drive.google.com\/drive\/folders\/0B4n4fVJE2fdrUnc1YldqaDdXTzg?usp=sharing\">Els Pastorets del Ferrer Mag\u00ed<\/a><\/p>\n","protected":false},"author":14,"featured_media":1484,"comment_status":"open","ping_status":"open","sticky":false,"template":"","format":"standard","meta":{"_bbp_topic_count":0,"_bbp_reply_count":0,"_bbp_total_topic_count":0,"_bbp_total_reply_count":0,"_bbp_voice_count":0,"_bbp_anonymous_reply_count":0,"_bbp_topic_count_hidden":0,"_bbp_reply_count_hidden":0,"_bbp_forum_subforum_count":0,"footnotes":""},"categories":[23,26,1],"tags":[44,149,99],"class_list":["post-1483","post","type-post","status-publish","format-standard","has-post-thumbnail","hentry","category-biblioteca","category-cicle-superior","category-general","tag-escola-campclar","tag-pastorets","tag-teatre"],"post_mailing_queue_ids":[],"_links":{"self":[{"href":"https:\/\/agora.xtec.cat\/escolacampclar\/wp-json\/wp\/v2\/posts\/1483","targetHints":{"allow":["GET"]}}],"collection":[{"href":"https:\/\/agora.xtec.cat\/escolacampclar\/wp-json\/wp\/v2\/posts"}],"about":[{"href":"https:\/\/agora.xtec.cat\/escolacampclar\/wp-json\/wp\/v2\/types\/post"}],"author":[{"embeddable":true,"href":"https:\/\/agora.xtec.cat\/escolacampclar\/wp-json\/wp\/v2\/users\/14"}],"replies":[{"embeddable":true,"href":"https:\/\/agora.xtec.cat\/escolacampclar\/wp-json\/wp\/v2\/comments?post=1483"}],"version-history":[{"count":1,"href":"https:\/\/agora.xtec.cat\/escolacampclar\/wp-json\/wp\/v2\/posts\/1483\/revisions"}],"predecessor-version":[{"id":1485,"href":"https:\/\/agora.xtec.cat\/escolacampclar\/wp-json\/wp\/v2\/posts\/1483\/revisions\/1485"}],"wp:featuredmedia":[{"embeddable":true,"href":"https:\/\/agora.xtec.cat\/escolacampclar\/wp-json\/wp\/v2\/media\/1484"}],"wp:attachment":[{"href":"https:\/\/agora.xtec.cat\/escolacampclar\/wp-json\/wp\/v2\/media?parent=1483"}],"wp:term":[{"taxonomy":"category","embeddable":true,"href":"https:\/\/agora.xtec.cat\/escolacampclar\/wp-json\/wp\/v2\/categories?post=1483"},{"taxonomy":"post_tag","embeddable":true,"href":"https:\/\/agora.xtec.cat\/escolacampclar\/wp-json\/wp\/v2\/tags?post=1483"}],"curies":[{"name":"wp","href":"https:\/\/api.w.org\/{rel}","templated":true}]}}