{"id":1478,"date":"2016-12-01T16:22:51","date_gmt":"2016-12-01T15:22:51","guid":{"rendered":"http:\/\/agora.xtec.cat\/escolacampclar\/?p=1478"},"modified":"2016-12-01T16:23:30","modified_gmt":"2016-12-01T15:23:30","slug":"padrins-de-lectura-3","status":"publish","type":"post","link":"https:\/\/agora.xtec.cat\/escolacampclar\/general\/padrins-de-lectura-3\/","title":{"rendered":"Padrins de lectura"},"content":{"rendered":"<p>Els alumnes de P-5 han fet una visita sorpresa als seus padrins de 6\u00e8.<\/p>\n<p>Han vingut a la classe de 6\u00e8 i l&#8217;efecte ha estat sorprenent i meravell\u00f3s.Tant padrins com fillols estaven entusiasmats de poder estar junts i despr\u00e9s de veure la classe dels grans,de veure on seuen,quin \u00e9s el seu casiller<\/p>\n<p>quins s\u00f3n els treballs o dibuixos que tenen penjats a la classe han baixat al pati i han jugat una estona tots junts.<\/p>\n<p>Els resultats han estat molt positius perqu\u00e8 la conviv\u00e8ncia i motivaci\u00f3 ha estat immillorable.<\/p>\n<p><a href=\"https:\/\/drive.google.com\/drive\/folders\/0B4n4fVJE2fdrbkxOT21mMzloZWs?usp=sharing\">Aqu\u00ed tens alguna foto<\/a>.<\/p>\n","protected":false},"excerpt":{"rendered":"<p>Els alumnes de P-5 han fet una visita sorpresa als seus padrins de 6\u00e8.<br \/>\nHan vingut a la classe de 6\u00e8 i l&#8217;efecte ha estat sorprenent i meravell\u00f3s.Tant padrins com fillols estaven entusiasmats de poder estar junts i despr\u00e9s de veure la classe dels grans,de veure&hellip;  <a href=\"https:\/\/agora.xtec.cat\/escolacampclar\/general\/padrins-de-lectura-3\/\" title=\"Read Padrins de lectura\">Llegeix m\u00e9s\u00bb<\/a><\/p>\n","protected":false},"author":14,"featured_media":1480,"comment_status":"open","ping_status":"open","sticky":false,"template":"","format":"standard","meta":{"_bbp_topic_count":0,"_bbp_reply_count":0,"_bbp_total_topic_count":0,"_bbp_total_reply_count":0,"_bbp_voice_count":0,"_bbp_anonymous_reply_count":0,"_bbp_topic_count_hidden":0,"_bbp_reply_count_hidden":0,"_bbp_forum_subforum_count":0,"footnotes":""},"categories":[23,26,59,1],"tags":[],"class_list":["post-1478","post","type-post","status-publish","format-standard","has-post-thumbnail","hentry","category-biblioteca","category-cicle-superior","category-infantil","category-general"],"post_mailing_queue_ids":[],"_links":{"self":[{"href":"https:\/\/agora.xtec.cat\/escolacampclar\/wp-json\/wp\/v2\/posts\/1478","targetHints":{"allow":["GET"]}}],"collection":[{"href":"https:\/\/agora.xtec.cat\/escolacampclar\/wp-json\/wp\/v2\/posts"}],"about":[{"href":"https:\/\/agora.xtec.cat\/escolacampclar\/wp-json\/wp\/v2\/types\/post"}],"author":[{"embeddable":true,"href":"https:\/\/agora.xtec.cat\/escolacampclar\/wp-json\/wp\/v2\/users\/14"}],"replies":[{"embeddable":true,"href":"https:\/\/agora.xtec.cat\/escolacampclar\/wp-json\/wp\/v2\/comments?post=1478"}],"version-history":[{"count":2,"href":"https:\/\/agora.xtec.cat\/escolacampclar\/wp-json\/wp\/v2\/posts\/1478\/revisions"}],"predecessor-version":[{"id":1481,"href":"https:\/\/agora.xtec.cat\/escolacampclar\/wp-json\/wp\/v2\/posts\/1478\/revisions\/1481"}],"wp:featuredmedia":[{"embeddable":true,"href":"https:\/\/agora.xtec.cat\/escolacampclar\/wp-json\/wp\/v2\/media\/1480"}],"wp:attachment":[{"href":"https:\/\/agora.xtec.cat\/escolacampclar\/wp-json\/wp\/v2\/media?parent=1478"}],"wp:term":[{"taxonomy":"category","embeddable":true,"href":"https:\/\/agora.xtec.cat\/escolacampclar\/wp-json\/wp\/v2\/categories?post=1478"},{"taxonomy":"post_tag","embeddable":true,"href":"https:\/\/agora.xtec.cat\/escolacampclar\/wp-json\/wp\/v2\/tags?post=1478"}],"curies":[{"name":"wp","href":"https:\/\/api.w.org\/{rel}","templated":true}]}}