{"id":1462,"date":"2016-11-21T13:50:12","date_gmt":"2016-11-21T12:50:12","guid":{"rendered":"http:\/\/agora.xtec.cat\/escolacampclar\/?p=1462"},"modified":"2016-11-21T13:50:12","modified_gmt":"2016-11-21T12:50:12","slug":"sortida-al-museu-picasso","status":"publish","type":"post","link":"https:\/\/agora.xtec.cat\/escolacampclar\/general\/sortida-al-museu-picasso\/","title":{"rendered":"SORTIDA AL MUSEU PICASSO"},"content":{"rendered":"<p>El dimarts passat, els nens i nenes de Cicle Mitj\u00e0 vam anar de sortida al museu Picasso de Barcelona.<\/p>\n<p>Primer vam anar al parc de la ciutadella i despr\u00e9s vam anar al museu. All\u00ed ens vam dividir en tres grups i vam fer un taller d&#8217;autoretrat. Ens ho vam passar molt b\u00e9!<\/p>\n<p>Si voleu vore les fotos i els nostres autoretrats, cliqueu <a href=\"https:\/\/drive.google.com\/open?id=0B4n4fVJE2fdrZ3c1M0hiQTFJQjg\">aqu\u00ed<\/a>.<\/p>\n","protected":false},"excerpt":{"rendered":"<p>El dimarts passat, els nens i nenes de Cicle Mitj\u00e0 vam anar de sortida al museu Picasso de Barcelona.<br \/>\nPrimer vam anar al parc de la ciutadella i despr\u00e9s vam anar al museu. All\u00ed ens vam dividir en tres grups i vam fer un taller d&#8217;autoretrat.&hellip;  <a href=\"https:\/\/agora.xtec.cat\/escolacampclar\/general\/sortida-al-museu-picasso\/\" title=\"Read SORTIDA AL MUSEU PICASSO\">Llegeix m\u00e9s\u00bb<\/a><\/p>\n","protected":false},"author":14,"featured_media":1463,"comment_status":"open","ping_status":"open","sticky":false,"template":"","format":"standard","meta":{"_bbp_topic_count":0,"_bbp_reply_count":0,"_bbp_total_topic_count":0,"_bbp_total_reply_count":0,"_bbp_voice_count":0,"_bbp_anonymous_reply_count":0,"_bbp_topic_count_hidden":0,"_bbp_reply_count_hidden":0,"_bbp_forum_subforum_count":0,"footnotes":""},"categories":[25,1],"tags":[143,37,44,141,142,68],"class_list":["post-1462","post","type-post","status-publish","format-standard","has-post-thumbnail","hentry","category-cicle-mitja","category-general","tag-barcelona","tag-cicle-mitja-2","tag-escola-campclar","tag-museu","tag-picasso","tag-sortida"],"post_mailing_queue_ids":[],"_links":{"self":[{"href":"https:\/\/agora.xtec.cat\/escolacampclar\/wp-json\/wp\/v2\/posts\/1462","targetHints":{"allow":["GET"]}}],"collection":[{"href":"https:\/\/agora.xtec.cat\/escolacampclar\/wp-json\/wp\/v2\/posts"}],"about":[{"href":"https:\/\/agora.xtec.cat\/escolacampclar\/wp-json\/wp\/v2\/types\/post"}],"author":[{"embeddable":true,"href":"https:\/\/agora.xtec.cat\/escolacampclar\/wp-json\/wp\/v2\/users\/14"}],"replies":[{"embeddable":true,"href":"https:\/\/agora.xtec.cat\/escolacampclar\/wp-json\/wp\/v2\/comments?post=1462"}],"version-history":[{"count":1,"href":"https:\/\/agora.xtec.cat\/escolacampclar\/wp-json\/wp\/v2\/posts\/1462\/revisions"}],"predecessor-version":[{"id":1464,"href":"https:\/\/agora.xtec.cat\/escolacampclar\/wp-json\/wp\/v2\/posts\/1462\/revisions\/1464"}],"wp:featuredmedia":[{"embeddable":true,"href":"https:\/\/agora.xtec.cat\/escolacampclar\/wp-json\/wp\/v2\/media\/1463"}],"wp:attachment":[{"href":"https:\/\/agora.xtec.cat\/escolacampclar\/wp-json\/wp\/v2\/media?parent=1462"}],"wp:term":[{"taxonomy":"category","embeddable":true,"href":"https:\/\/agora.xtec.cat\/escolacampclar\/wp-json\/wp\/v2\/categories?post=1462"},{"taxonomy":"post_tag","embeddable":true,"href":"https:\/\/agora.xtec.cat\/escolacampclar\/wp-json\/wp\/v2\/tags?post=1462"}],"curies":[{"name":"wp","href":"https:\/\/api.w.org\/{rel}","templated":true}]}}