{"id":1451,"date":"2016-11-14T09:08:05","date_gmt":"2016-11-14T08:08:05","guid":{"rendered":"http:\/\/agora.xtec.cat\/escolacampclar\/?p=1451"},"modified":"2016-11-14T09:10:41","modified_gmt":"2016-11-14T08:10:41","slug":"tauletes-i-expressio-oral","status":"publish","type":"post","link":"https:\/\/agora.xtec.cat\/escolacampclar\/general\/tauletes-i-expressio-oral\/","title":{"rendered":"Tauletes i expressi\u00f3 oral"},"content":{"rendered":"<p>Els alumnes de l&#8217;escola estan treballant l&#8217;expressi\u00f3 oral mitjan\u00e7ant tauletes electr\u00f2niques dins els Projecte MobileCOM, engegat per dos mestres del centre en col\u00b7laboraci\u00f3 amb la universitat Rovira i Virgili. Aqu\u00ed podeu veure un recull d&#8217;imatges de com s&#8217;ho passen els petits treballant aplicant noves metodologies.<\/p>\n<p><a href=\"https:\/\/drive.google.com\/open?id=0B4n4fVJE2fdrLTQ3el9GNjZXSW8\">Clica aqu\u00ed<\/a>.<\/p>\n","protected":false},"excerpt":{"rendered":"<p>Els alumnes de l&#8217;escola estan treballant l&#8217;expressi\u00f3 oral mitjan\u00e7ant tauletes electr\u00f2niques dins els Projecte MobileCOM, engegat per dos mestres del centre en col\u00b7laboraci\u00f3 amb la universitat Rovira i Virgili. Aqu\u00ed podeu veure un recull d&#8217;imatges de com s&#8217;ho passen els petits treballant aplicant noves metodologies.<br \/>\n<a&hellip;  <a href=\"https:\/\/agora.xtec.cat\/escolacampclar\/general\/tauletes-i-expressio-oral\/\" title=\"Read Tauletes i expressi\u00f3 oral\">Llegeix m\u00e9s\u00bb<\/a><\/p>\n","protected":false},"author":14,"featured_media":1452,"comment_status":"open","ping_status":"open","sticky":false,"template":"","format":"standard","meta":{"_bbp_topic_count":0,"_bbp_reply_count":0,"_bbp_total_topic_count":0,"_bbp_total_reply_count":0,"_bbp_voice_count":0,"_bbp_anonymous_reply_count":0,"_bbp_topic_count_hidden":0,"_bbp_reply_count_hidden":0,"_bbp_forum_subforum_count":0,"footnotes":""},"categories":[59,1],"tags":[98,136,137,135,103],"class_list":["post-1451","post","type-post","status-publish","format-standard","has-post-thumbnail","hentry","category-infantil","category-general","tag-infantil","tag-tablets","tag-tac","tag-tauletes","tag-tic"],"post_mailing_queue_ids":[],"_links":{"self":[{"href":"https:\/\/agora.xtec.cat\/escolacampclar\/wp-json\/wp\/v2\/posts\/1451","targetHints":{"allow":["GET"]}}],"collection":[{"href":"https:\/\/agora.xtec.cat\/escolacampclar\/wp-json\/wp\/v2\/posts"}],"about":[{"href":"https:\/\/agora.xtec.cat\/escolacampclar\/wp-json\/wp\/v2\/types\/post"}],"author":[{"embeddable":true,"href":"https:\/\/agora.xtec.cat\/escolacampclar\/wp-json\/wp\/v2\/users\/14"}],"replies":[{"embeddable":true,"href":"https:\/\/agora.xtec.cat\/escolacampclar\/wp-json\/wp\/v2\/comments?post=1451"}],"version-history":[{"count":2,"href":"https:\/\/agora.xtec.cat\/escolacampclar\/wp-json\/wp\/v2\/posts\/1451\/revisions"}],"predecessor-version":[{"id":1454,"href":"https:\/\/agora.xtec.cat\/escolacampclar\/wp-json\/wp\/v2\/posts\/1451\/revisions\/1454"}],"wp:featuredmedia":[{"embeddable":true,"href":"https:\/\/agora.xtec.cat\/escolacampclar\/wp-json\/wp\/v2\/media\/1452"}],"wp:attachment":[{"href":"https:\/\/agora.xtec.cat\/escolacampclar\/wp-json\/wp\/v2\/media?parent=1451"}],"wp:term":[{"taxonomy":"category","embeddable":true,"href":"https:\/\/agora.xtec.cat\/escolacampclar\/wp-json\/wp\/v2\/categories?post=1451"},{"taxonomy":"post_tag","embeddable":true,"href":"https:\/\/agora.xtec.cat\/escolacampclar\/wp-json\/wp\/v2\/tags?post=1451"}],"curies":[{"name":"wp","href":"https:\/\/api.w.org\/{rel}","templated":true}]}}