{"id":1447,"date":"2016-11-07T08:49:23","date_gmt":"2016-11-07T07:49:23","guid":{"rendered":"http:\/\/agora.xtec.cat\/escolacampclar\/?p=1447"},"modified":"2016-11-07T08:53:42","modified_gmt":"2016-11-07T07:53:42","slug":"taller-de-ciencies","status":"publish","type":"post","link":"https:\/\/agora.xtec.cat\/escolacampclar\/general\/taller-de-ciencies\/","title":{"rendered":"Taller de ci\u00e8ncies"},"content":{"rendered":"<p>Ja fa un parell de setmanes que els m\u00e9s petits de l&#8217;escola han comen\u00e7at els tallers internivells. Una metodologia de treball per petits grups i on els alumnes de p3, p4 i p5 estan barrejats per compartir experi\u00e8ncies.<\/p>\n<p>Aquesta setmana us volem presentar el taller de ci\u00e8ncies!<\/p>\n<p><a href=\"https:\/\/drive.google.com\/open?id=0B4n4fVJE2fdrSlFiQnRfQU8ySEU\">Feu clic aqu\u00ed per poder veure un recull d&#8217;imatges.<\/a><\/p>\n","protected":false},"excerpt":{"rendered":"<p>Ja fa un parell de setmanes que els m\u00e9s petits de l&#8217;escola han comen\u00e7at els tallers internivells. Una metodologia de treball per petits grups i on els alumnes de p3, p4 i p5 estan barrejats per compartir experi\u00e8ncies.<br \/>\nAquesta setmana us volem presentar el taller de&hellip;  <a href=\"https:\/\/agora.xtec.cat\/escolacampclar\/general\/taller-de-ciencies\/\" title=\"Read Taller de ci\u00e8ncies\">Llegeix m\u00e9s\u00bb<\/a><\/p>\n","protected":false},"author":14,"featured_media":1448,"comment_status":"open","ping_status":"open","sticky":false,"template":"","format":"standard","meta":{"_bbp_topic_count":0,"_bbp_reply_count":0,"_bbp_total_topic_count":0,"_bbp_total_reply_count":0,"_bbp_voice_count":0,"_bbp_anonymous_reply_count":0,"_bbp_topic_count_hidden":0,"_bbp_reply_count_hidden":0,"_bbp_forum_subforum_count":0,"footnotes":""},"categories":[59,1],"tags":[34,134,43,98,54],"class_list":["post-1447","post","type-post","status-publish","format-standard","has-post-thumbnail","hentry","category-infantil","category-general","tag-campclar","tag-ciencies","tag-escola","tag-infantil","tag-tallers"],"post_mailing_queue_ids":[],"_links":{"self":[{"href":"https:\/\/agora.xtec.cat\/escolacampclar\/wp-json\/wp\/v2\/posts\/1447","targetHints":{"allow":["GET"]}}],"collection":[{"href":"https:\/\/agora.xtec.cat\/escolacampclar\/wp-json\/wp\/v2\/posts"}],"about":[{"href":"https:\/\/agora.xtec.cat\/escolacampclar\/wp-json\/wp\/v2\/types\/post"}],"author":[{"embeddable":true,"href":"https:\/\/agora.xtec.cat\/escolacampclar\/wp-json\/wp\/v2\/users\/14"}],"replies":[{"embeddable":true,"href":"https:\/\/agora.xtec.cat\/escolacampclar\/wp-json\/wp\/v2\/comments?post=1447"}],"version-history":[{"count":2,"href":"https:\/\/agora.xtec.cat\/escolacampclar\/wp-json\/wp\/v2\/posts\/1447\/revisions"}],"predecessor-version":[{"id":1450,"href":"https:\/\/agora.xtec.cat\/escolacampclar\/wp-json\/wp\/v2\/posts\/1447\/revisions\/1450"}],"wp:featuredmedia":[{"embeddable":true,"href":"https:\/\/agora.xtec.cat\/escolacampclar\/wp-json\/wp\/v2\/media\/1448"}],"wp:attachment":[{"href":"https:\/\/agora.xtec.cat\/escolacampclar\/wp-json\/wp\/v2\/media?parent=1447"}],"wp:term":[{"taxonomy":"category","embeddable":true,"href":"https:\/\/agora.xtec.cat\/escolacampclar\/wp-json\/wp\/v2\/categories?post=1447"},{"taxonomy":"post_tag","embeddable":true,"href":"https:\/\/agora.xtec.cat\/escolacampclar\/wp-json\/wp\/v2\/tags?post=1447"}],"curies":[{"name":"wp","href":"https:\/\/api.w.org\/{rel}","templated":true}]}}