{"id":1437,"date":"2016-10-31T06:50:40","date_gmt":"2016-10-31T05:50:40","guid":{"rendered":"http:\/\/agora.xtec.cat\/escolacampclar\/?p=1437"},"modified":"2016-11-06T18:53:03","modified_gmt":"2016-11-06T17:53:03","slug":"els-nostres-castanyers-i-castanyeres","status":"publish","type":"post","link":"https:\/\/agora.xtec.cat\/escolacampclar\/general\/els-nostres-castanyers-i-castanyeres\/","title":{"rendered":"Els nostres castanyers i castanyeres"},"content":{"rendered":"<p>El divendres pel mat\u00ed, els alumnes de Campclar han arribat tots disfressats de castanyers i castanyeres. La veritat \u00e9s que ens encanta disfressar-nos i qualsevol excusa \u00e9s bona per posar-nos roba divertida i pintar-nos una mica la cara!<\/p>\n<p>Som uns castanyers i unes castanyeres la mar de bonics!!<\/p>\n<p>Aqu\u00ed us deixem una mostra de les fotos que ens hem fet a les classes. cliqueu <a href=\"https:\/\/drive.google.com\/folderview?id=0B4n4fVJE2fdraVhZWmdlM3FaT2c\">aqu\u00ed<\/a><\/p>\n","protected":false},"excerpt":{"rendered":"<p>La festa de la Castanyada&hellip;  <a href=\"https:\/\/agora.xtec.cat\/escolacampclar\/general\/els-nostres-castanyers-i-castanyeres\/\" title=\"Read Els nostres castanyers i castanyeres\">Llegeix m\u00e9s\u00bb<\/a><\/p>\n","protected":false},"author":15,"featured_media":1443,"comment_status":"open","ping_status":"open","sticky":false,"template":"","format":"standard","meta":{"_bbp_topic_count":0,"_bbp_reply_count":0,"_bbp_total_topic_count":0,"_bbp_total_reply_count":0,"_bbp_voice_count":0,"_bbp_anonymous_reply_count":0,"_bbp_topic_count_hidden":0,"_bbp_reply_count_hidden":0,"_bbp_forum_subforum_count":0,"footnotes":""},"categories":[24,59,29,1],"tags":[34,36,133],"class_list":["post-1437","post","type-post","status-publish","format-standard","has-post-thumbnail","hentry","category-cicle-inicial","category-infantil","category-festes","category-general","tag-campclar","tag-cicle-inicial","tag-la-castanyada"],"post_mailing_queue_ids":[],"_links":{"self":[{"href":"https:\/\/agora.xtec.cat\/escolacampclar\/wp-json\/wp\/v2\/posts\/1437","targetHints":{"allow":["GET"]}}],"collection":[{"href":"https:\/\/agora.xtec.cat\/escolacampclar\/wp-json\/wp\/v2\/posts"}],"about":[{"href":"https:\/\/agora.xtec.cat\/escolacampclar\/wp-json\/wp\/v2\/types\/post"}],"author":[{"embeddable":true,"href":"https:\/\/agora.xtec.cat\/escolacampclar\/wp-json\/wp\/v2\/users\/15"}],"replies":[{"embeddable":true,"href":"https:\/\/agora.xtec.cat\/escolacampclar\/wp-json\/wp\/v2\/comments?post=1437"}],"version-history":[{"count":3,"href":"https:\/\/agora.xtec.cat\/escolacampclar\/wp-json\/wp\/v2\/posts\/1437\/revisions"}],"predecessor-version":[{"id":1446,"href":"https:\/\/agora.xtec.cat\/escolacampclar\/wp-json\/wp\/v2\/posts\/1437\/revisions\/1446"}],"wp:featuredmedia":[{"embeddable":true,"href":"https:\/\/agora.xtec.cat\/escolacampclar\/wp-json\/wp\/v2\/media\/1443"}],"wp:attachment":[{"href":"https:\/\/agora.xtec.cat\/escolacampclar\/wp-json\/wp\/v2\/media?parent=1437"}],"wp:term":[{"taxonomy":"category","embeddable":true,"href":"https:\/\/agora.xtec.cat\/escolacampclar\/wp-json\/wp\/v2\/categories?post=1437"},{"taxonomy":"post_tag","embeddable":true,"href":"https:\/\/agora.xtec.cat\/escolacampclar\/wp-json\/wp\/v2\/tags?post=1437"}],"curies":[{"name":"wp","href":"https:\/\/api.w.org\/{rel}","templated":true}]}}