{"id":1434,"date":"2016-10-27T14:13:45","date_gmt":"2016-10-27T12:13:45","guid":{"rendered":"http:\/\/agora.xtec.cat\/escolacampclar\/?p=1434"},"modified":"2016-10-27T14:13:45","modified_gmt":"2016-10-27T12:13:45","slug":"llampec-ens-ha-vingut-a-visitar","status":"publish","type":"post","link":"https:\/\/agora.xtec.cat\/escolacampclar\/general\/llampec-ens-ha-vingut-a-visitar\/","title":{"rendered":"LLAMPEC ENS HA VINGUT A VISITAR"},"content":{"rendered":"<p>Els nens i nenes de CM avui hem recibit la visita de Llampec, el gat de l&#8217;Aventura de la Vida. Ens ha alegrat molt. Li hem cantat la can\u00e7\u00f3 de l&#8217;Aventura de la Vida. Ells ens ha regalat un cromo pel nostre \u00e0lbum i despr\u00e9s ens hem fet fotos amb ell.\u00a0<a href=\"https:\/\/drive.google.com\/open?id=0B4n4fVJE2fdrdDlkVmU1TlBKS2c\">Aqu\u00ed<\/a> podeu vore les fotos i el v\u00eddeo de la can\u00e7\u00f3.<\/p>\n<p>Moltes gr\u00e0cies per tot Llampec!!!<\/p>\n<p>&nbsp;<\/p>\n","protected":false},"excerpt":{"rendered":"<p>Els nens i nenes de CM avui hem recibit la visita de Llampec, el gat de l&#8217;Aventura de la Vida. Ens ha alegrat molt. Li hem cantat la can\u00e7\u00f3 de l&#8217;Aventura de la Vida. Ells ens ha regalat un cromo pel nostre \u00e0lbum i despr\u00e9s&hellip;  <a href=\"https:\/\/agora.xtec.cat\/escolacampclar\/general\/llampec-ens-ha-vingut-a-visitar\/\" title=\"Read LLAMPEC ENS HA VINGUT A VISITAR\">Llegeix m\u00e9s\u00bb<\/a><\/p>\n","protected":false},"author":14,"featured_media":1435,"comment_status":"open","ping_status":"open","sticky":false,"template":"","format":"standard","meta":{"_bbp_topic_count":0,"_bbp_reply_count":0,"_bbp_total_topic_count":0,"_bbp_total_reply_count":0,"_bbp_voice_count":0,"_bbp_anonymous_reply_count":0,"_bbp_topic_count_hidden":0,"_bbp_reply_count_hidden":0,"_bbp_forum_subforum_count":0,"footnotes":""},"categories":[25,1],"tags":[37,44,132,131],"class_list":["post-1434","post","type-post","status-publish","format-standard","has-post-thumbnail","hentry","category-cicle-mitja","category-general","tag-cicle-mitja-2","tag-escola-campclar","tag-laventura-de-la-vida","tag-llampec"],"post_mailing_queue_ids":[],"_links":{"self":[{"href":"https:\/\/agora.xtec.cat\/escolacampclar\/wp-json\/wp\/v2\/posts\/1434","targetHints":{"allow":["GET"]}}],"collection":[{"href":"https:\/\/agora.xtec.cat\/escolacampclar\/wp-json\/wp\/v2\/posts"}],"about":[{"href":"https:\/\/agora.xtec.cat\/escolacampclar\/wp-json\/wp\/v2\/types\/post"}],"author":[{"embeddable":true,"href":"https:\/\/agora.xtec.cat\/escolacampclar\/wp-json\/wp\/v2\/users\/14"}],"replies":[{"embeddable":true,"href":"https:\/\/agora.xtec.cat\/escolacampclar\/wp-json\/wp\/v2\/comments?post=1434"}],"version-history":[{"count":1,"href":"https:\/\/agora.xtec.cat\/escolacampclar\/wp-json\/wp\/v2\/posts\/1434\/revisions"}],"predecessor-version":[{"id":1436,"href":"https:\/\/agora.xtec.cat\/escolacampclar\/wp-json\/wp\/v2\/posts\/1434\/revisions\/1436"}],"wp:featuredmedia":[{"embeddable":true,"href":"https:\/\/agora.xtec.cat\/escolacampclar\/wp-json\/wp\/v2\/media\/1435"}],"wp:attachment":[{"href":"https:\/\/agora.xtec.cat\/escolacampclar\/wp-json\/wp\/v2\/media?parent=1434"}],"wp:term":[{"taxonomy":"category","embeddable":true,"href":"https:\/\/agora.xtec.cat\/escolacampclar\/wp-json\/wp\/v2\/categories?post=1434"},{"taxonomy":"post_tag","embeddable":true,"href":"https:\/\/agora.xtec.cat\/escolacampclar\/wp-json\/wp\/v2\/tags?post=1434"}],"curies":[{"name":"wp","href":"https:\/\/api.w.org\/{rel}","templated":true}]}}