{"id":1431,"date":"2016-10-24T13:35:08","date_gmt":"2016-10-24T11:35:08","guid":{"rendered":"http:\/\/agora.xtec.cat\/escolacampclar\/?p=1431"},"modified":"2016-10-24T13:35:08","modified_gmt":"2016-10-24T11:35:08","slug":"padrins-de-lectura-2","status":"publish","type":"post","link":"https:\/\/agora.xtec.cat\/escolacampclar\/general\/padrins-de-lectura-2\/","title":{"rendered":"Padrins de lectura"},"content":{"rendered":"<p>Com ens agrada que ja hagi comen\u00e7at l&#8217;activitat de padrins de lectura entre els alumnes de p5 i els de sis\u00e8. A continuaci\u00f3 podeu veure unes imatges dels primers dies!!<\/p>\n<p>https:\/\/drive.google.com\/open?id=0B4n4fVJE2fdrLTFzZzFRMnlqVVE<\/p>\n","protected":false},"excerpt":{"rendered":"<p>Com ens agrada que ja hagi comen\u00e7at l&#8217;activitat de padrins de lectura entre els alumnes de p5 i els de sis\u00e8. A continuaci\u00f3 podeu veure unes imatges dels primers dies!!<br \/>\nhttps:\/\/drive.google.com\/open?id=0B4n4fVJE2fdrLTFzZzFRMnlqVVE<\/p>\n","protected":false},"author":14,"featured_media":1432,"comment_status":"open","ping_status":"open","sticky":false,"template":"","format":"standard","meta":{"_bbp_topic_count":0,"_bbp_reply_count":0,"_bbp_total_topic_count":0,"_bbp_total_reply_count":0,"_bbp_voice_count":0,"_bbp_anonymous_reply_count":0,"_bbp_topic_count_hidden":0,"_bbp_reply_count_hidden":0,"_bbp_forum_subforum_count":0,"footnotes":""},"categories":[23,26,59,1],"tags":[44,98,129,130],"class_list":["post-1431","post","type-post","status-publish","format-standard","has-post-thumbnail","hentry","category-biblioteca","category-cicle-superior","category-infantil","category-general","tag-escola-campclar","tag-infantil","tag-inicial","tag-lectura"],"post_mailing_queue_ids":[],"_links":{"self":[{"href":"https:\/\/agora.xtec.cat\/escolacampclar\/wp-json\/wp\/v2\/posts\/1431","targetHints":{"allow":["GET"]}}],"collection":[{"href":"https:\/\/agora.xtec.cat\/escolacampclar\/wp-json\/wp\/v2\/posts"}],"about":[{"href":"https:\/\/agora.xtec.cat\/escolacampclar\/wp-json\/wp\/v2\/types\/post"}],"author":[{"embeddable":true,"href":"https:\/\/agora.xtec.cat\/escolacampclar\/wp-json\/wp\/v2\/users\/14"}],"replies":[{"embeddable":true,"href":"https:\/\/agora.xtec.cat\/escolacampclar\/wp-json\/wp\/v2\/comments?post=1431"}],"version-history":[{"count":1,"href":"https:\/\/agora.xtec.cat\/escolacampclar\/wp-json\/wp\/v2\/posts\/1431\/revisions"}],"predecessor-version":[{"id":1433,"href":"https:\/\/agora.xtec.cat\/escolacampclar\/wp-json\/wp\/v2\/posts\/1431\/revisions\/1433"}],"wp:featuredmedia":[{"embeddable":true,"href":"https:\/\/agora.xtec.cat\/escolacampclar\/wp-json\/wp\/v2\/media\/1432"}],"wp:attachment":[{"href":"https:\/\/agora.xtec.cat\/escolacampclar\/wp-json\/wp\/v2\/media?parent=1431"}],"wp:term":[{"taxonomy":"category","embeddable":true,"href":"https:\/\/agora.xtec.cat\/escolacampclar\/wp-json\/wp\/v2\/categories?post=1431"},{"taxonomy":"post_tag","embeddable":true,"href":"https:\/\/agora.xtec.cat\/escolacampclar\/wp-json\/wp\/v2\/tags?post=1431"}],"curies":[{"name":"wp","href":"https:\/\/api.w.org\/{rel}","templated":true}]}}