{"id":1428,"date":"2016-10-14T13:53:30","date_gmt":"2016-10-14T12:53:30","guid":{"rendered":"http:\/\/agora.xtec.cat\/escolacampclar\/?p=1428"},"modified":"2016-10-14T13:55:10","modified_gmt":"2016-10-14T12:55:10","slug":"p5-tambe-sho-passa-be","status":"publish","type":"post","link":"https:\/\/agora.xtec.cat\/escolacampclar\/general\/p5-tambe-sho-passa-be\/","title":{"rendered":"P5 tamb\u00e9 s&#8217;ho passa b\u00e9!"},"content":{"rendered":"<p>Els nens i nenes de p5 ja han comen\u00e7at la psicomotricitat i us volen ensenyar que b\u00e9 s&#8217;ho passen!<\/p>\n<p><a href=\"https:\/\/drive.google.com\/open?id=0B4n4fVJE2fdraGFZbTBfVnRSYnc\">https:\/\/drive.google.com\/open?id=0B4n4fVJE2fdraGFZbTBfVnRSYnc<\/a><\/p>\n","protected":false},"excerpt":{"rendered":"<p>Els nens i nenes de p5 ja han comen\u00e7at la psicomotricitat i us volen ensenyar que b\u00e9 s&#8217;ho passen!<br \/>\n<a href=\"https:\/\/drive.google.com\/open?id=0B4n4fVJE2fdraGFZbTBfVnRSYnc\">https:\/\/drive.google.com\/open?id=0B4n4fVJE2fdraGFZbTBfVnRSYnc<\/a><\/p>\n","protected":false},"author":14,"featured_media":1429,"comment_status":"open","ping_status":"open","sticky":false,"template":"","format":"standard","meta":{"_bbp_topic_count":0,"_bbp_reply_count":0,"_bbp_total_topic_count":0,"_bbp_total_reply_count":0,"_bbp_voice_count":0,"_bbp_anonymous_reply_count":0,"_bbp_topic_count_hidden":0,"_bbp_reply_count_hidden":0,"_bbp_forum_subforum_count":0,"footnotes":""},"categories":[27,59,1],"tags":[34,41,43,18],"class_list":["post-1428","post","type-post","status-publish","format-standard","has-post-thumbnail","hentry","category-e-fisica","category-infantil","category-general","tag-campclar","tag-educacio-fisica","tag-escola","tag-psicomotricitat"],"post_mailing_queue_ids":[],"_links":{"self":[{"href":"https:\/\/agora.xtec.cat\/escolacampclar\/wp-json\/wp\/v2\/posts\/1428","targetHints":{"allow":["GET"]}}],"collection":[{"href":"https:\/\/agora.xtec.cat\/escolacampclar\/wp-json\/wp\/v2\/posts"}],"about":[{"href":"https:\/\/agora.xtec.cat\/escolacampclar\/wp-json\/wp\/v2\/types\/post"}],"author":[{"embeddable":true,"href":"https:\/\/agora.xtec.cat\/escolacampclar\/wp-json\/wp\/v2\/users\/14"}],"replies":[{"embeddable":true,"href":"https:\/\/agora.xtec.cat\/escolacampclar\/wp-json\/wp\/v2\/comments?post=1428"}],"version-history":[{"count":1,"href":"https:\/\/agora.xtec.cat\/escolacampclar\/wp-json\/wp\/v2\/posts\/1428\/revisions"}],"predecessor-version":[{"id":1430,"href":"https:\/\/agora.xtec.cat\/escolacampclar\/wp-json\/wp\/v2\/posts\/1428\/revisions\/1430"}],"wp:featuredmedia":[{"embeddable":true,"href":"https:\/\/agora.xtec.cat\/escolacampclar\/wp-json\/wp\/v2\/media\/1429"}],"wp:attachment":[{"href":"https:\/\/agora.xtec.cat\/escolacampclar\/wp-json\/wp\/v2\/media?parent=1428"}],"wp:term":[{"taxonomy":"category","embeddable":true,"href":"https:\/\/agora.xtec.cat\/escolacampclar\/wp-json\/wp\/v2\/categories?post=1428"},{"taxonomy":"post_tag","embeddable":true,"href":"https:\/\/agora.xtec.cat\/escolacampclar\/wp-json\/wp\/v2\/tags?post=1428"}],"curies":[{"name":"wp","href":"https:\/\/api.w.org\/{rel}","templated":true}]}}