{"id":1425,"date":"2016-10-03T07:45:49","date_gmt":"2016-10-03T06:45:49","guid":{"rendered":"http:\/\/agora.xtec.cat\/escolacampclar\/?p=1425"},"modified":"2016-10-03T07:45:49","modified_gmt":"2016-10-03T06:45:49","slug":"p3-i-p4-sestrena-a-psico","status":"publish","type":"post","link":"https:\/\/agora.xtec.cat\/escolacampclar\/general\/p3-i-p4-sestrena-a-psico\/","title":{"rendered":"P3 i P4 s&#8217;estrena a Psico!"},"content":{"rendered":"<p>Els m\u00e9s petits de l&#8217;escola han comen\u00e7at ja les classes de psicomotricitat. Aquest any P3 i P4 compartiran l&#8217;espai i les viv\u00e8ncies al gimn\u00e0s de l&#8217;escola. Aqu\u00ed podeu veure un recull <a href=\"https:\/\/drive.google.com\/open?id=0B4n4fVJE2fdrMS1xaGhJTWJXQm8\" target=\"_blank\">d&#8217;imatges!!<\/a><\/p>\n","protected":false},"excerpt":{"rendered":"<p>Els m\u00e9s petits de l&#8217;escola han comen\u00e7at ja les classes de psicomotricitat. Aquest any P3 i P4 compartiran l&#8217;espai i les viv\u00e8ncies al gimn\u00e0s de l&#8217;escola. Aqu\u00ed podeu veure un recull <a href=\"https:\/\/drive.google.com\/open?id=0B4n4fVJE2fdrMS1xaGhJTWJXQm8\" target=\"_blank\">d&#8217;imatges!!<\/a><\/p>\n","protected":false},"author":14,"featured_media":1426,"comment_status":"open","ping_status":"open","sticky":false,"template":"","format":"standard","meta":{"_bbp_topic_count":0,"_bbp_reply_count":0,"_bbp_total_topic_count":0,"_bbp_total_reply_count":0,"_bbp_voice_count":0,"_bbp_anonymous_reply_count":0,"_bbp_topic_count_hidden":0,"_bbp_reply_count_hidden":0,"_bbp_forum_subforum_count":0,"footnotes":""},"categories":[27,59,1],"tags":[41,44,98,18],"class_list":["post-1425","post","type-post","status-publish","format-standard","has-post-thumbnail","hentry","category-e-fisica","category-infantil","category-general","tag-educacio-fisica","tag-escola-campclar","tag-infantil","tag-psicomotricitat"],"post_mailing_queue_ids":[],"_links":{"self":[{"href":"https:\/\/agora.xtec.cat\/escolacampclar\/wp-json\/wp\/v2\/posts\/1425","targetHints":{"allow":["GET"]}}],"collection":[{"href":"https:\/\/agora.xtec.cat\/escolacampclar\/wp-json\/wp\/v2\/posts"}],"about":[{"href":"https:\/\/agora.xtec.cat\/escolacampclar\/wp-json\/wp\/v2\/types\/post"}],"author":[{"embeddable":true,"href":"https:\/\/agora.xtec.cat\/escolacampclar\/wp-json\/wp\/v2\/users\/14"}],"replies":[{"embeddable":true,"href":"https:\/\/agora.xtec.cat\/escolacampclar\/wp-json\/wp\/v2\/comments?post=1425"}],"version-history":[{"count":1,"href":"https:\/\/agora.xtec.cat\/escolacampclar\/wp-json\/wp\/v2\/posts\/1425\/revisions"}],"predecessor-version":[{"id":1427,"href":"https:\/\/agora.xtec.cat\/escolacampclar\/wp-json\/wp\/v2\/posts\/1425\/revisions\/1427"}],"wp:featuredmedia":[{"embeddable":true,"href":"https:\/\/agora.xtec.cat\/escolacampclar\/wp-json\/wp\/v2\/media\/1426"}],"wp:attachment":[{"href":"https:\/\/agora.xtec.cat\/escolacampclar\/wp-json\/wp\/v2\/media?parent=1425"}],"wp:term":[{"taxonomy":"category","embeddable":true,"href":"https:\/\/agora.xtec.cat\/escolacampclar\/wp-json\/wp\/v2\/categories?post=1425"},{"taxonomy":"post_tag","embeddable":true,"href":"https:\/\/agora.xtec.cat\/escolacampclar\/wp-json\/wp\/v2\/tags?post=1425"}],"curies":[{"name":"wp","href":"https:\/\/api.w.org\/{rel}","templated":true}]}}